{"id":5061,"date":"2026-04-29T06:22:22","date_gmt":"2026-04-29T09:22:22","guid":{"rendered":"https:\/\/vagas.portalemprego.com.br\/?p=5061"},"modified":"2026-04-29T06:22:22","modified_gmt":"2026-04-29T09:22:22","slug":"auxiliar-de-servicos-gerais-servicos-gerais-volta-redonda-2","status":"publish","type":"post","link":"https:\/\/vagas.portalemprego.com.br\/?p=5061","title":{"rendered":"Auxiliar de Servi\u00e7os Gerais &#8211; Servi\u00e7os Gerais &#8211; Volta Redonda"},"content":{"rendered":"<p>Requisitos e qualifica\u00e7\u00f5es:<br \/>\nResidir\u00a0em\u00a0Volta\u00a0Redonda,\u00a0Barra\u00a0Mansa,\u00a0Pinheiral, Arrozal ou Pira\u00ed.<br \/>\nEnsino fundamental completo;<br \/>\nSer uma pessoa \u00e1gil e com bom desempenho em tarefas processuais;<br \/>\nFlexibilidade para atuar em diferentes atividades;<br \/>\n\u00d3timo relacionamento interpessoal e trabalho em equipe;<br \/>\nAtitude proativa e curiosidade em aprender e se desenvolver;<br \/>\nPessoas com interesse em crescer junto com o Trigo;<br \/>\nDisponibilidade de hor\u00e1rio.<br \/>\nResponsabilidades e atribui\u00e7\u00f5es:<br \/>\nManter a limpeza e a organiza\u00e7\u00e3o dos espa\u00e7os de trabalho;<br \/>\nLavar e higienizar os utens\u00edlios utilizados nas linhas de produ\u00e7\u00e3o;<br \/>\nColaborar com o time de higieniza\u00e7\u00e3o nas tarefas solicitadas;<br \/>\nSeguir as normas e procedimentos de seguran\u00e7a e higiene da empresa.<br \/>\nInforma\u00e7\u00f5es adicionais:<br \/>\nPlano de Sa\u00fade Amil;<br \/>\nPlano odontol\u00f3gico;<br \/>\nConv\u00eanio com academias;<br \/>\nVale alimenta\u00e7\u00e3o;<br \/>\nAux\u00edlio farm\u00e1cia;<br \/>\nAux\u00edlio combust\u00edvel ou vale transporte (sem desconto de 6%);<br \/>\nRefei\u00e7\u00f5es no local;<br \/>\nPLR semestral;<br \/>\nBenef\u00edcio de incentivo para a primeira gradua\u00e7\u00e3o (a partir de 12 meses);<br \/>\nOportunidade\u00a0de\u00a0crescimento.<\/p>\n<ul>\n<li>N\u00famero de vagas: 5<\/li>\n<li>Local de trabalho: Volta Redonda, RJ<\/li>\n<li>Regime de contrata\u00e7\u00e3o de tipo: Efetivo \u2013 CLT<\/li>\n<li>Jornada: Per\u00edodo Integral<\/li>\n<li>\u00c1rea e especializa\u00e7\u00e3o profissional: Servi\u00e7os Gerais &#8211; Limpeza<\/li>\n<li>N\u00edvel hier\u00e1rquico: Auxiliar<\/li>\n<\/ul>\n<p>Escolaridade M\u00ednima: Ensino Fundamental (1\u00ba grau)<\/p>\n","protected":false},"excerpt":{"rendered":"<p>Requisitos e qualifica\u00e7\u00f5es: Residir\u00a0em\u00a0Volta\u00a0Redonda,\u00a0Barra\u00a0Mansa,\u00a0Pinheiral, Arrozal ou Pira\u00ed. Ensino fundamental completo; Ser uma pessoa \u00e1gil e com bom desempenho em tarefas processuais; Flexibilidade para atuar em diferentes atividades; \u00d3timo relacionamento interpessoal e trabalho em equipe; Atitude proativa e curiosidade em aprender e se desenvolver; Pessoas com interesse em crescer junto com o Trigo; Disponibilidade de hor\u00e1rio. [&hellip;]<\/p>\n","protected":false},"author":1,"featured_media":0,"comment_status":"open","ping_status":"open","sticky":false,"template":"","format":"standard","meta":{"footnotes":""},"categories":[21],"tags":[],"class_list":["post-5061","post","type-post","status-publish","format-standard","hentry","category-rio-de-janeiro-rj"],"_links":{"self":[{"href":"https:\/\/vagas.portalemprego.com.br\/index.php?rest_route=\/wp\/v2\/posts\/5061","targetHints":{"allow":["GET"]}}],"collection":[{"href":"https:\/\/vagas.portalemprego.com.br\/index.php?rest_route=\/wp\/v2\/posts"}],"about":[{"href":"https:\/\/vagas.portalemprego.com.br\/index.php?rest_route=\/wp\/v2\/types\/post"}],"author":[{"embeddable":true,"href":"https:\/\/vagas.portalemprego.com.br\/index.php?rest_route=\/wp\/v2\/users\/1"}],"replies":[{"embeddable":true,"href":"https:\/\/vagas.portalemprego.com.br\/index.php?rest_route=%2Fwp%2Fv2%2Fcomments&post=5061"}],"version-history":[{"count":0,"href":"https:\/\/vagas.portalemprego.com.br\/index.php?rest_route=\/wp\/v2\/posts\/5061\/revisions"}],"wp:attachment":[{"href":"https:\/\/vagas.portalemprego.com.br\/index.php?rest_route=%2Fwp%2Fv2%2Fmedia&parent=5061"}],"wp:term":[{"taxonomy":"category","embeddable":true,"href":"https:\/\/vagas.portalemprego.com.br\/index.php?rest_route=%2Fwp%2Fv2%2Fcategories&post=5061"},{"taxonomy":"post_tag","embeddable":true,"href":"https:\/\/vagas.portalemprego.com.br\/index.php?rest_route=%2Fwp%2Fv2%2Ftags&post=5061"}],"curies":[{"name":"wp","href":"https:\/\/api.w.org\/{rel}","templated":true}]}}