{"id":5065,"date":"2026-04-29T06:22:22","date_gmt":"2026-04-29T09:22:22","guid":{"rendered":"https:\/\/vagas.portalemprego.com.br\/?p=5065"},"modified":"2026-04-29T06:22:22","modified_gmt":"2026-04-29T09:22:22","slug":"calceteiro-somente-com-experiencia-jacarepagua-ou-centro-rj-construcao-manutencao-rio-de-janeiro","status":"publish","type":"post","link":"https:\/\/vagas.portalemprego.com.br\/?p=5065","title":{"rendered":"CALCETEIRO &#8211; SOMENTE COM EXPERIENCIA &#8211; JACAREPAGUA OU CENTRO &#8211; RJ &#8211; Constru\u00e7\u00e3o, Manuten\u00e7\u00e3o &#8211; Rio de Janeiro"},"content":{"rendered":"<p>VAGA PARA CALCETEIRO &#8211; SOMENTE COM EXPERIENCIA &#8211; Jacarepagu\u00e1\/Centro &#8211; RJ &#8211; 3 A 5 VAGAS<br \/>\nEmpresa de Engenharia possui 16 anos de atua\u00e7\u00e3o no mercado da Constru\u00e7\u00e3o Civil, consolidando-se pela excel\u00eancia e comprometimento em seus projetos.<br \/>\nCom valores s\u00f3lidos pautados em verdade, \u00e9tica, compromisso e liberdade com responsabilidade, a empresa busca profissionais que entregam qualidade, precis\u00e3o e compromisso em cada metro quadrado constru\u00eddo.<br \/>\nConfira os pr\u00e9-requisitos e candidate-se para fazer parte dessa trajet\u00f3ria!<br \/>\nRequisitos:<br \/>\n&#8211; Morar em Jacarepagu\u00e1, Centro\/RJ ou adjac\u00eancias<br \/>\n&#8211; Experi\u00eancia comprovada como Calceteiro<br \/>\n&#8211; Habilidade em servi\u00e7os com bloquetes\/intertravados<br \/>\n&#8211; Desej\u00e1vel experi\u00eancia pr\u00e9via em empresas do segmento de Constru\u00e7\u00e3o Civil<br \/>\nAtribui\u00e7\u00f5es:<br \/>\n&#8211; Retirada e coloca\u00e7\u00e3o de intertravado<br \/>\n&#8211; Nivelamento e prepara\u00e7\u00e3o do solo<br \/>\n&#8211; Assentamento de pe\u00e7as de pavimenta\u00e7\u00e3o<br \/>\n&#8211; Ajustes, corre\u00e7\u00f5es e acabamento final<br \/>\n&#8211; Corre\u00e7\u00e3o de \u00e1reas danificadas<br \/>\n&#8211; Dentre outras atividades pertinentes ao cargo<\/p>\n<p>Condi\u00e7\u00f5es da Vaga:<br \/>\n-CLT \/ Aut\u00f4nomo<br \/>\n-Pagamento combinado por m\u00b2 (Aut\u00f4nomo)<br \/>\n-Hor\u00e1rio de trabalho: Segunda a sexta-feira<br \/>\n-Benef\u00edcios a combinar<br \/>\n-Inscri\u00e7\u00e3o at\u00e9 o dia 31\/01!<\/p>\n<p>INFORMA\u00c7\u00d5ES: 21-96557-1615<br \/>\nAs vagas da entrevista s\u00e3o limitadas!<br \/>\nEstamos ansiosos para conhecer voc\u00ea!<\/p>\n<ul>\n<li>Local de trabalho: Rio de Janeiro, RJ<\/li>\n<li>Regime de contrata\u00e7\u00e3o de tipo: Efetivo \u2013 CLT<\/li>\n<li>Jornada: Per\u00edodo Integral<\/li>\n<li>\u00c1rea e especializa\u00e7\u00e3o profissional: Constru\u00e7\u00e3o, Manuten\u00e7\u00e3o &#8211; Constru\u00e7\u00e3o Civil<\/li>\n<li>N\u00edvel hier\u00e1rquico: Operacional<\/li>\n<\/ul>\n<p>VALORIZADO<\/p>\n<p>Tempo de experi\u00eancia: Entre 1 e 3 anos<\/p>\n<p>Escolaridade M\u00ednima: Ensino Fundamental (1\u00ba grau)<\/p>\n","protected":false},"excerpt":{"rendered":"<p>VAGA PARA CALCETEIRO &#8211; SOMENTE COM EXPERIENCIA &#8211; Jacarepagu\u00e1\/Centro &#8211; RJ &#8211; 3 A 5 VAGAS Empresa de Engenharia possui 16 anos de atua\u00e7\u00e3o no mercado da Constru\u00e7\u00e3o Civil, consolidando-se pela excel\u00eancia e comprometimento em seus projetos. Com valores s\u00f3lidos pautados em verdade, \u00e9tica, compromisso e liberdade com responsabilidade, a empresa busca profissionais que entregam [&hellip;]<\/p>\n","protected":false},"author":1,"featured_media":0,"comment_status":"open","ping_status":"open","sticky":false,"template":"","format":"standard","meta":{"footnotes":""},"categories":[21],"tags":[],"class_list":["post-5065","post","type-post","status-publish","format-standard","hentry","category-rio-de-janeiro-rj"],"_links":{"self":[{"href":"https:\/\/vagas.portalemprego.com.br\/index.php?rest_route=\/wp\/v2\/posts\/5065","targetHints":{"allow":["GET"]}}],"collection":[{"href":"https:\/\/vagas.portalemprego.com.br\/index.php?rest_route=\/wp\/v2\/posts"}],"about":[{"href":"https:\/\/vagas.portalemprego.com.br\/index.php?rest_route=\/wp\/v2\/types\/post"}],"author":[{"embeddable":true,"href":"https:\/\/vagas.portalemprego.com.br\/index.php?rest_route=\/wp\/v2\/users\/1"}],"replies":[{"embeddable":true,"href":"https:\/\/vagas.portalemprego.com.br\/index.php?rest_route=%2Fwp%2Fv2%2Fcomments&post=5065"}],"version-history":[{"count":0,"href":"https:\/\/vagas.portalemprego.com.br\/index.php?rest_route=\/wp\/v2\/posts\/5065\/revisions"}],"wp:attachment":[{"href":"https:\/\/vagas.portalemprego.com.br\/index.php?rest_route=%2Fwp%2Fv2%2Fmedia&parent=5065"}],"wp:term":[{"taxonomy":"category","embeddable":true,"href":"https:\/\/vagas.portalemprego.com.br\/index.php?rest_route=%2Fwp%2Fv2%2Fcategories&post=5065"},{"taxonomy":"post_tag","embeddable":true,"href":"https:\/\/vagas.portalemprego.com.br\/index.php?rest_route=%2Fwp%2Fv2%2Ftags&post=5065"}],"curies":[{"name":"wp","href":"https:\/\/api.w.org\/{rel}","templated":true}]}}