{"id":5072,"date":"2026-04-29T06:22:22","date_gmt":"2026-04-29T09:22:22","guid":{"rendered":"https:\/\/vagas.portalemprego.com.br\/?p=5072"},"modified":"2026-04-29T06:22:22","modified_gmt":"2026-04-29T09:22:22","slug":"estagiario-de-comunicacao-social-marketing-rio-de-janeiro-2","status":"publish","type":"post","link":"https:\/\/vagas.portalemprego.com.br\/?p=5072","title":{"rendered":"ESTAGIARIO DE COMUNICA\u00c7\u00c3O SOCIAL &#8211; Marketing &#8211; Rio de Janeiro"},"content":{"rendered":"<p>O estagi\u00e1rio ir\u00e1:<br \/>\nPlanejamento e produ\u00e7\u00e3o de conte\u00fado para redes sociais.O<br \/>\nGerenciamento de postagens e intera\u00e7\u00e3o com o p\u00fablico.<br \/>\nApoio em campanhas de marketing digital.<br \/>\nEdi\u00e7\u00e3o de imagens e v\u00eddeos<br \/>\nInteragir com o publico de forma consistente e estrat\u00e9gica<br \/>\nRequisitos:<br \/>\nEstar cursando nas \u00e1reas de marketing, publicidade e propaganda, ou comunica\u00e7\u00e3o social.<br \/>\nConhecimento em programas de cria\u00e7\u00e3o, como o Pacote Adobe e CapCut.<br \/>\nPerfil desejado: Usu\u00e1rio frequente de redes sociais, habilidades em cria\u00e7\u00e3o de conte\u00fado e edi\u00e7\u00e3o de imagens\/v\u00eddeos, criatividade, proatividade, boa comunica\u00e7\u00e3o e ingl\u00eas b\u00e1sico.<\/p>\n<ul>\n<li>Local de trabalho: Rio de Janeiro, RJ<\/li>\n<li>Regime de contrata\u00e7\u00e3o de tipo: Est\u00e1gio<\/li>\n<li>Jornada: Per\u00edodo Integral<\/li>\n<li>\u00c1rea e especializa\u00e7\u00e3o profissional: Marketing &#8211; Propaganda<\/li>\n<li>N\u00edvel hier\u00e1rquico: Estagi\u00e1rio<\/li>\n<\/ul>\n<p>Escolaridade M\u00ednima: Ensino Superior<\/p>\n<p>Forma\u00e7\u00e3o desejada:<\/p>\n<ul>\n<li>Publicidade e propaganda, Ensino Superior<\/li>\n<li>Marketing, Ensino Superior<\/li>\n<\/ul>\n<p>Idiomas:<\/p>\n<ul>\n<li>Ingl\u00eas (B\u00e1sico)<\/li>\n<\/ul>\n<p>Sal\u00e1rio: 1518,0<\/p>\n","protected":false},"excerpt":{"rendered":"<p>O estagi\u00e1rio ir\u00e1: Planejamento e produ\u00e7\u00e3o de conte\u00fado para redes sociais.O Gerenciamento de postagens e intera\u00e7\u00e3o com o p\u00fablico. Apoio em campanhas de marketing digital. Edi\u00e7\u00e3o de imagens e v\u00eddeos Interagir com o publico de forma consistente e estrat\u00e9gica Requisitos: Estar cursando nas \u00e1reas de marketing, publicidade e propaganda, ou comunica\u00e7\u00e3o social. Conhecimento em programas [&hellip;]<\/p>\n","protected":false},"author":1,"featured_media":0,"comment_status":"open","ping_status":"open","sticky":false,"template":"","format":"standard","meta":{"footnotes":""},"categories":[21],"tags":[],"class_list":["post-5072","post","type-post","status-publish","format-standard","hentry","category-rio-de-janeiro-rj"],"_links":{"self":[{"href":"https:\/\/vagas.portalemprego.com.br\/index.php?rest_route=\/wp\/v2\/posts\/5072","targetHints":{"allow":["GET"]}}],"collection":[{"href":"https:\/\/vagas.portalemprego.com.br\/index.php?rest_route=\/wp\/v2\/posts"}],"about":[{"href":"https:\/\/vagas.portalemprego.com.br\/index.php?rest_route=\/wp\/v2\/types\/post"}],"author":[{"embeddable":true,"href":"https:\/\/vagas.portalemprego.com.br\/index.php?rest_route=\/wp\/v2\/users\/1"}],"replies":[{"embeddable":true,"href":"https:\/\/vagas.portalemprego.com.br\/index.php?rest_route=%2Fwp%2Fv2%2Fcomments&post=5072"}],"version-history":[{"count":0,"href":"https:\/\/vagas.portalemprego.com.br\/index.php?rest_route=\/wp\/v2\/posts\/5072\/revisions"}],"wp:attachment":[{"href":"https:\/\/vagas.portalemprego.com.br\/index.php?rest_route=%2Fwp%2Fv2%2Fmedia&parent=5072"}],"wp:term":[{"taxonomy":"category","embeddable":true,"href":"https:\/\/vagas.portalemprego.com.br\/index.php?rest_route=%2Fwp%2Fv2%2Fcategories&post=5072"},{"taxonomy":"post_tag","embeddable":true,"href":"https:\/\/vagas.portalemprego.com.br\/index.php?rest_route=%2Fwp%2Fv2%2Ftags&post=5072"}],"curies":[{"name":"wp","href":"https:\/\/api.w.org\/{rel}","templated":true}]}}