{"id":5077,"date":"2026-04-29T06:22:22","date_gmt":"2026-04-29T09:22:22","guid":{"rendered":"https:\/\/vagas.portalemprego.com.br\/?p=5077"},"modified":"2026-04-29T06:22:22","modified_gmt":"2026-04-29T09:22:22","slug":"operador-de-maquinas-operatrizes-ii-centro-de-usinagem-industrial-producao-fabrica-rio-de-janeiro","status":"publish","type":"post","link":"https:\/\/vagas.portalemprego.com.br\/?p=5077","title":{"rendered":"Operador de M\u00e1quinas Operatrizes II &#8211; Centro de Usinagem &#8211; Industrial, Produ\u00e7\u00e3o, F\u00e1brica &#8211; Rio de Janeiro"},"content":{"rendered":"<p>Resumo da posi\u00e7\u00e3o:<br \/>\nBuscamos um Operador de Centro de Usinagem para atuar em ambiente de usinagem de precis\u00e3o. \u00c9 indispens\u00e1vel forma\u00e7\u00e3o T\u00e9cnica em Mec\u00e2nica com CFT ativo, e desej\u00e1vel, conhecimento intermedi\u00e1rio em programa\u00e7\u00e3o CNC.<br \/>\nResponsabilidades principais:<br \/>\n\u00a0\u00a0\u00a0\u00a0\u00a0\u00a0\u00a0\u00a0\u00a0\u00a0\u00a0\u00a0\u00a0\u00a0\u00a0\u2022\u00a0\u00a0\u00a0\u00a0\u00a0\u00a0\u00a0\u00a0\u00a0\u00a0\u00a0\u00a0Operar centro de usinagem CNC com 4\u00ba eixo, ajustando par\u00e2metros, efetuando setup, troca de ferramentas e conferindo as primeiras pe\u00e7as.<br \/>\n\u00a0\u00a0\u00a0\u00a0\u00a0\u00a0\u00a0\u00a0\u00a0\u00a0\u00a0\u00a0\u00a0\u00a0\u00a0\u2022\u00a0\u00a0\u00a0\u00a0\u00a0\u00a0\u00a0\u00a0\u00a0\u00a0\u00a0\u00a0Ler e interpretar desenhos t\u00e9cnicos, toler\u00e2ncias, rugosidade e especifica\u00e7\u00f5es de usinagem.<br \/>\n\u00a0\u00a0\u00a0\u00a0\u00a0\u00a0\u00a0\u00a0\u00a0\u00a0\u00a0\u00a0\u00a0\u00a0\u00a0\u2022\u00a0\u00a0\u00a0\u00a0\u00a0\u00a0\u00a0\u00a0\u00a0\u00a0\u00a0\u00a0Executar setups de m\u00e1quina (fixa\u00e7\u00e3o de pe\u00e7a, zeramento, sele\u00e7\u00e3o de ferramentas, confer\u00eancia de offsets).<br \/>\n\u00a0\u00a0\u00a0\u00a0\u00a0\u00a0\u00a0\u00a0\u00a0\u00a0\u00a0\u00a0\u00a0\u00a0\u00a0\u2022\u00a0\u00a0\u00a0\u00a0\u00a0\u00a0\u00a0\u00a0\u00a0\u00a0\u00a0\u00a0Acompanhar o processo de usinagem, realizando medi\u00e7\u00f5es com instrumentos (paqu\u00edmetro, micr\u00f4metro, s\u00fabito, rel\u00f3gio comparador etc.) e registrando resultados quando necess\u00e1rio.<br \/>\n\u00a0\u00a0\u00a0\u00a0\u00a0\u00a0\u00a0\u00a0\u00a0\u00a0\u00a0\u00a0\u00a0\u00a0\u00a0\u2022\u00a0\u00a0\u00a0\u00a0\u00a0\u00a0\u00a0\u00a0\u00a0\u00a0\u00a0\u00a0Realizar pequenos ajustes nos programas CNC j\u00e1 existentes (corre\u00e7\u00e3o de medidas, pequenas altera\u00e7\u00f5es de trajet\u00f3rias, otimiza\u00e7\u00e3o simples de tempos).<br \/>\n\u00a0\u00a0\u00a0\u00a0\u00a0\u00a0\u00a0\u00a0\u00a0\u00a0\u00a0\u00a0\u00a0\u00a0\u00a0\u2022\u00a0\u00a0\u00a0\u00a0\u00a0\u00a0\u00a0\u00a0\u00a0\u00a0\u00a0\u00a0Zelar pela qualidade das pe\u00e7as, pelo cumprimento de prazos e pela conserva\u00e7\u00e3o dos equipamentos e ferramentas.<br \/>\n\u00a0\u00a0\u00a0\u00a0\u00a0\u00a0\u00a0\u00a0\u00a0\u00a0\u00a0\u00a0\u00a0\u00a0\u00a0\u2022\u00a0\u00a0\u00a0\u00a0\u00a0\u00a0\u00a0\u00a0\u00a0\u00a0\u00a0\u00a0Atuar em conformidade com normas de seguran\u00e7a do trabalho e procedimentos internos da empresa.<\/p>\n<ul>\n<li>Local de trabalho: Rio de Janeiro, RJ<\/li>\n<li>Regime de contrata\u00e7\u00e3o de tipo: Efetivo \u2013 CLT<\/li>\n<li>Jornada: Per\u00edodo Integral<\/li>\n<li>\u00c1rea e especializa\u00e7\u00e3o profissional: Industrial, Produ\u00e7\u00e3o, F\u00e1brica &#8211; Operador de M\u00e1quinas<\/li>\n<li>N\u00edvel hier\u00e1rquico: Operacional<\/li>\n<\/ul>\n<p>VALORIZADO<\/p>\n<p>Tempo de experi\u00eancia: Entre 1 e 3 anos<\/p>\n<p>HABILIDADES<\/p>\n<ul>\n<li>Conhecimento intermedi\u00e1rio em programa\u00e7\u00e3o CNC (ajustes em G-code, corretores de ferramenta, par\u00e2metros de corte &#8211; Dispomos de programador s\u00eanior na empresa)<\/li>\n<li>No\u00e7\u00f5es s\u00f3lidas de usinagem: avan\u00e7os, rota\u00e7\u00f5es, materiais de ferramentas, tipos de insertos<\/li>\n<li>T\u00e9cnico em Mec\u00e2nica (ou afins) conclu\u00eddo<\/li>\n<li>CFT ativo (registro obrigat\u00f3rio)<\/li>\n<li>Metrologia b\u00e1sica (instrumentos de medi\u00e7\u00e3o e controle dimensional)<\/li>\n<li>Experi\u00eancia pr\u00e1tica comprovada em Opera\u00e7\u00e3o de centro de usinagem CNC com 4\u00ba eixo<\/li>\n<li>Conhecimentos t\u00e9cnicos em  Leitura e interpreta\u00e7\u00e3o de desenhos t\u00e9cnicos mec\u00e2nicos<\/li>\n<\/ul>\n<p>Escolaridade M\u00ednima: Curso T\u00e9cnico<\/p>\n<ul>\n<li>Plano Odontol\u00f3gico<\/li>\n<li>Plano de sa\u00fade<\/li>\n<li>Treinamentos<\/li>\n<li>Vale transporte ou aux\u00edlio combust\u00edvel<\/li>\n<li>seguro de vida<\/li>\n<li>Vale refei\u00e7\u00e3o<\/li>\n<\/ul>\n","protected":false},"excerpt":{"rendered":"<p>Resumo da posi\u00e7\u00e3o: Buscamos um Operador de Centro de Usinagem para atuar em ambiente de usinagem de precis\u00e3o. \u00c9 indispens\u00e1vel forma\u00e7\u00e3o T\u00e9cnica em Mec\u00e2nica com CFT ativo, e desej\u00e1vel, conhecimento intermedi\u00e1rio em programa\u00e7\u00e3o CNC. Responsabilidades principais: \u00a0\u00a0\u00a0\u00a0\u00a0\u00a0\u00a0\u00a0\u00a0\u00a0\u00a0\u00a0\u00a0\u00a0\u00a0\u2022\u00a0\u00a0\u00a0\u00a0\u00a0\u00a0\u00a0\u00a0\u00a0\u00a0\u00a0\u00a0Operar centro de usinagem CNC com 4\u00ba eixo, ajustando par\u00e2metros, efetuando setup, troca de ferramentas e conferindo as primeiras [&hellip;]<\/p>\n","protected":false},"author":1,"featured_media":0,"comment_status":"open","ping_status":"open","sticky":false,"template":"","format":"standard","meta":{"footnotes":""},"categories":[21],"tags":[],"class_list":["post-5077","post","type-post","status-publish","format-standard","hentry","category-rio-de-janeiro-rj"],"_links":{"self":[{"href":"https:\/\/vagas.portalemprego.com.br\/index.php?rest_route=\/wp\/v2\/posts\/5077","targetHints":{"allow":["GET"]}}],"collection":[{"href":"https:\/\/vagas.portalemprego.com.br\/index.php?rest_route=\/wp\/v2\/posts"}],"about":[{"href":"https:\/\/vagas.portalemprego.com.br\/index.php?rest_route=\/wp\/v2\/types\/post"}],"author":[{"embeddable":true,"href":"https:\/\/vagas.portalemprego.com.br\/index.php?rest_route=\/wp\/v2\/users\/1"}],"replies":[{"embeddable":true,"href":"https:\/\/vagas.portalemprego.com.br\/index.php?rest_route=%2Fwp%2Fv2%2Fcomments&post=5077"}],"version-history":[{"count":0,"href":"https:\/\/vagas.portalemprego.com.br\/index.php?rest_route=\/wp\/v2\/posts\/5077\/revisions"}],"wp:attachment":[{"href":"https:\/\/vagas.portalemprego.com.br\/index.php?rest_route=%2Fwp%2Fv2%2Fmedia&parent=5077"}],"wp:term":[{"taxonomy":"category","embeddable":true,"href":"https:\/\/vagas.portalemprego.com.br\/index.php?rest_route=%2Fwp%2Fv2%2Fcategories&post=5077"},{"taxonomy":"post_tag","embeddable":true,"href":"https:\/\/vagas.portalemprego.com.br\/index.php?rest_route=%2Fwp%2Fv2%2Ftags&post=5077"}],"curies":[{"name":"wp","href":"https:\/\/api.w.org\/{rel}","templated":true}]}}