{"id":5079,"date":"2026-04-29T06:22:22","date_gmt":"2026-04-29T09:22:22","guid":{"rendered":"https:\/\/vagas.portalemprego.com.br\/?p=5079"},"modified":"2026-04-29T06:22:22","modified_gmt":"2026-04-29T09:22:22","slug":"operadora-de-fabricacao-pcd-industrial-producao-fabrica-duque-de-caxias","status":"publish","type":"post","link":"https:\/\/vagas.portalemprego.com.br\/?p=5079","title":{"rendered":"Operador(a) de Fabrica\u00e7\u00e3o PCD &#8211; Industrial, Produ\u00e7\u00e3o, F\u00e1brica &#8211; Duque de Caxias"},"content":{"rendered":"<p>Cumprir as normas e procedimentos de seguran\u00e7a, qualidade e meio ambiente estabelecidas no setor em que atua.<br \/>\nExecutar o plano de produ\u00e7\u00e3o di\u00e1rio de mistura e granel com o melhor rendimento poss\u00edvel, respeitando as normas de qualidade e seguran\u00e7a estabelecidos.<br \/>\nSeguir as regras de transfer\u00eancia de material e garantir o alinhamento correto das v\u00e1lvulas (linhas, tanques, caminh\u00f5es, etc), evitando contamina\u00e7\u00f5es e\/ou derrames<br \/>\nSeparar amostras de produtos e aditivos e enviar para o controle de qualidade.<br \/>\nExecutar os padr\u00f5es de limpeza e organiza\u00e7\u00e3o da \u00e1rea operacional, mantendo sua \u00e1rea de trabalho limpa e organizada, tornando o ambiente mais seguro e livre de incidentes<br \/>\nSolicitar a manuten\u00e7\u00e3o dos equipamentos quando necess\u00e1rio e zelar pelos ativos de sua \u00e1rea de atua\u00e7\u00e3o.<br \/>\nExecutar as rotinas e governan\u00e7as estabelecidas do setor em que atua de forma a garantir a eficiencia dos processos de qualidade, seguran\u00e7a e performance.<br \/>\nExecutar boas pr\u00e1ticas de performance estabelecidas e preenchimento dos quadros de gest\u00e3o a vista<br \/>\nRealizar auditorias de verifica\u00e7\u00e3o de perdas com foco em seguran\u00e7a &#8211; n\u00edvel 1.<br \/>\nRealizar apontamentos de gest\u00e3o de indicadores di\u00e1rios operacionais<br \/>\nParticipar de investiga\u00e7\u00f5es de desvios de qualidade e seguran\u00e7a utlizando t\u00e9cnicas de solu\u00e7\u00e3o de problemas.<br \/>\nSugerir a\u00e7\u00f5es e propor melhorias de seguran\u00e7a, qualidade e performance.<br \/>\nInvent\u00e1riar estoques de embalados e granel.<br \/>\nMovimentar materiais, quando necess\u00e1rio, utilizando equipamento de transporte de carga controlado.<br \/>\nRealizar inspe\u00e7\u00f5es e manuten\u00e7\u00f5es simples e autonomas de baixo risco operacional, garantindo maior confiabilidade dos ativos<\/p>\n<p>Pr\u00e9-requisitos:<br \/>\nEnsino m\u00e9dio completo;<br \/>\nVivencia em \u00e1rea Fabril;<br \/>\nPacote Office B\u00e1sico (Word, Excel, Outlook)<br \/>\nDesej\u00e1vel experi\u00eancia em fabrica\u00e7\u00e3o<br \/>\nDesej\u00e1vel conhecimento t\u00e9cnico em mec\u00e2nica industrial.<br \/>\nDesej\u00e1vel experiencia em metodologia 5S&#8217;<\/p>\n<ul>\n<li>Local de trabalho: Duque de Caxias, RJ<\/li>\n<li>Regime de contrata\u00e7\u00e3o de tipo: Efetivo \u2013 CLT<\/li>\n<li>Jornada: Per\u00edodo Integral<\/li>\n<li>\u00c1rea e especializa\u00e7\u00e3o profissional: Industrial, Produ\u00e7\u00e3o, F\u00e1brica &#8211; Produ\u00e7\u00e3o<\/li>\n<li>N\u00edvel hier\u00e1rquico: Operacional<\/li>\n<\/ul>\n<p>Escolaridade M\u00ednima: Ensino M\u00e9dio (2\u00ba Grau)<\/p>\n","protected":false},"excerpt":{"rendered":"<p>Cumprir as normas e procedimentos de seguran\u00e7a, qualidade e meio ambiente estabelecidas no setor em que atua. Executar o plano de produ\u00e7\u00e3o di\u00e1rio de mistura e granel com o melhor rendimento poss\u00edvel, respeitando as normas de qualidade e seguran\u00e7a estabelecidos. Seguir as regras de transfer\u00eancia de material e garantir o alinhamento correto das v\u00e1lvulas (linhas, [&hellip;]<\/p>\n","protected":false},"author":1,"featured_media":0,"comment_status":"open","ping_status":"open","sticky":false,"template":"","format":"standard","meta":{"footnotes":""},"categories":[21],"tags":[],"class_list":["post-5079","post","type-post","status-publish","format-standard","hentry","category-rio-de-janeiro-rj"],"_links":{"self":[{"href":"https:\/\/vagas.portalemprego.com.br\/index.php?rest_route=\/wp\/v2\/posts\/5079","targetHints":{"allow":["GET"]}}],"collection":[{"href":"https:\/\/vagas.portalemprego.com.br\/index.php?rest_route=\/wp\/v2\/posts"}],"about":[{"href":"https:\/\/vagas.portalemprego.com.br\/index.php?rest_route=\/wp\/v2\/types\/post"}],"author":[{"embeddable":true,"href":"https:\/\/vagas.portalemprego.com.br\/index.php?rest_route=\/wp\/v2\/users\/1"}],"replies":[{"embeddable":true,"href":"https:\/\/vagas.portalemprego.com.br\/index.php?rest_route=%2Fwp%2Fv2%2Fcomments&post=5079"}],"version-history":[{"count":0,"href":"https:\/\/vagas.portalemprego.com.br\/index.php?rest_route=\/wp\/v2\/posts\/5079\/revisions"}],"wp:attachment":[{"href":"https:\/\/vagas.portalemprego.com.br\/index.php?rest_route=%2Fwp%2Fv2%2Fmedia&parent=5079"}],"wp:term":[{"taxonomy":"category","embeddable":true,"href":"https:\/\/vagas.portalemprego.com.br\/index.php?rest_route=%2Fwp%2Fv2%2Fcategories&post=5079"},{"taxonomy":"post_tag","embeddable":true,"href":"https:\/\/vagas.portalemprego.com.br\/index.php?rest_route=%2Fwp%2Fv2%2Ftags&post=5079"}],"curies":[{"name":"wp","href":"https:\/\/api.w.org\/{rel}","templated":true}]}}