{"id":5081,"date":"2026-04-29T06:22:22","date_gmt":"2026-04-29T09:22:22","guid":{"rendered":"https:\/\/vagas.portalemprego.com.br\/?p=5081"},"modified":"2026-04-29T06:22:22","modified_gmt":"2026-04-29T09:22:22","slug":"atendente-de-loja-pcd-comercial-vendas-rio-de-janeiro","status":"publish","type":"post","link":"https:\/\/vagas.portalemprego.com.br\/?p=5081","title":{"rendered":"Atendente de Loja pcd &#8211; Comercial, Vendas &#8211; Rio de Janeiro"},"content":{"rendered":"<p>Temos\u00a0vagas\u00a0para\u00a0uma\u00a0empresa\u00a0de\u00a0grande\u00a0porte\u00a0do\u00a0ramo\u00a0de\u00a0materiais\u00a0de\u00a0constru\u00e7\u00e3o.<br \/>\nAtividades:<br \/>\nSer\u00e1\u00a0respons\u00e1vel\u00a0por\u00a0fornecer\u00a0informa\u00e7\u00f5es\u00a0e\u00a0orientar\u00a0sobre\u00a0um\u00a0produto\u00a0ou\u00a0servi\u00e7o\u00a0de\u00a0uma\u00a0empresa.<br \/>\nLocal:\u00a0Benfica,\u00a0RJ<br \/>\nHor\u00e1rio:\u00a06&#215;1\u00a0&#8211;\u00a0Turno\u00a0pode\u00a0ser\u00a0combinado<br \/>\nNecess\u00e1rio:\u00a0Ensino\u00a0m\u00e9dio\u00a0completo<\/p>\n<ul>\n<li>N\u00famero de vagas: 10<\/li>\n<li>Local de trabalho: Rio de Janeiro, RJ<\/li>\n<li>Regime de contrata\u00e7\u00e3o de tipo: Efetivo \u2013 CLT<\/li>\n<li>Jornada: Per\u00edodo Integral<\/li>\n<li>\u00c1rea e especializa\u00e7\u00e3o profissional: Comercial, Vendas &#8211; Lojas \/ Shopping<\/li>\n<li>N\u00edvel hier\u00e1rquico: Operacional<\/li>\n<\/ul>\n<p>Escolaridade M\u00ednima: Ensino Fundamental (1\u00ba grau)<\/p>\n<p>Sal\u00e1rio: 1798,0<\/p>\n","protected":false},"excerpt":{"rendered":"<p>Temos\u00a0vagas\u00a0para\u00a0uma\u00a0empresa\u00a0de\u00a0grande\u00a0porte\u00a0do\u00a0ramo\u00a0de\u00a0materiais\u00a0de\u00a0constru\u00e7\u00e3o. Atividades: Ser\u00e1\u00a0respons\u00e1vel\u00a0por\u00a0fornecer\u00a0informa\u00e7\u00f5es\u00a0e\u00a0orientar\u00a0sobre\u00a0um\u00a0produto\u00a0ou\u00a0servi\u00e7o\u00a0de\u00a0uma\u00a0empresa. Local:\u00a0Benfica,\u00a0RJ Hor\u00e1rio:\u00a06&#215;1\u00a0&#8211;\u00a0Turno\u00a0pode\u00a0ser\u00a0combinado Necess\u00e1rio:\u00a0Ensino\u00a0m\u00e9dio\u00a0completo N\u00famero de vagas: 10 Local de trabalho: Rio de Janeiro, RJ Regime de contrata\u00e7\u00e3o de tipo: Efetivo \u2013 CLT Jornada: Per\u00edodo Integral \u00c1rea e especializa\u00e7\u00e3o profissional: Comercial, Vendas &#8211; Lojas \/ Shopping N\u00edvel hier\u00e1rquico: Operacional Escolaridade M\u00ednima: Ensino Fundamental (1\u00ba grau) Sal\u00e1rio: 1798,0<\/p>\n","protected":false},"author":1,"featured_media":0,"comment_status":"open","ping_status":"open","sticky":false,"template":"","format":"standard","meta":{"footnotes":""},"categories":[21],"tags":[],"class_list":["post-5081","post","type-post","status-publish","format-standard","hentry","category-rio-de-janeiro-rj"],"_links":{"self":[{"href":"https:\/\/vagas.portalemprego.com.br\/index.php?rest_route=\/wp\/v2\/posts\/5081","targetHints":{"allow":["GET"]}}],"collection":[{"href":"https:\/\/vagas.portalemprego.com.br\/index.php?rest_route=\/wp\/v2\/posts"}],"about":[{"href":"https:\/\/vagas.portalemprego.com.br\/index.php?rest_route=\/wp\/v2\/types\/post"}],"author":[{"embeddable":true,"href":"https:\/\/vagas.portalemprego.com.br\/index.php?rest_route=\/wp\/v2\/users\/1"}],"replies":[{"embeddable":true,"href":"https:\/\/vagas.portalemprego.com.br\/index.php?rest_route=%2Fwp%2Fv2%2Fcomments&post=5081"}],"version-history":[{"count":0,"href":"https:\/\/vagas.portalemprego.com.br\/index.php?rest_route=\/wp\/v2\/posts\/5081\/revisions"}],"wp:attachment":[{"href":"https:\/\/vagas.portalemprego.com.br\/index.php?rest_route=%2Fwp%2Fv2%2Fmedia&parent=5081"}],"wp:term":[{"taxonomy":"category","embeddable":true,"href":"https:\/\/vagas.portalemprego.com.br\/index.php?rest_route=%2Fwp%2Fv2%2Fcategories&post=5081"},{"taxonomy":"post_tag","embeddable":true,"href":"https:\/\/vagas.portalemprego.com.br\/index.php?rest_route=%2Fwp%2Fv2%2Ftags&post=5081"}],"curies":[{"name":"wp","href":"https:\/\/api.w.org\/{rel}","templated":true}]}}