{"id":5084,"date":"2026-04-29T06:23:23","date_gmt":"2026-04-29T09:23:23","guid":{"rendered":"https:\/\/vagas.portalemprego.com.br\/?p=5084"},"modified":"2026-04-29T06:23:23","modified_gmt":"2026-04-29T09:23:23","slug":"vendedor-de-telecom-comercial-vendas-armacao-dos-buzios","status":"publish","type":"post","link":"https:\/\/vagas.portalemprego.com.br\/?p=5084","title":{"rendered":"Vendedor de Telecom &#8211; Comercial, Vendas &#8211; Arma\u00e7\u00e3o dos B\u00fazios"},"content":{"rendered":"<p>Estamos em busca de vendedores apaixonados por tecnologia e comunica\u00e7\u00e3o para se juntarem \u00e0 nossa equipe! Como parte do nosso time, voc\u00ea ser\u00e1 respons\u00e1vel por proporcionar uma experi\u00eancia excepcional aos clientes, ajudando-os a encontrar os melhores produtos e servi\u00e7os de acordo com suas necessidades.<\/p>\n<p>Responsabilidades:<br \/>\n\u2022\tAtendimento personalizado ao cliente, entendendo suas necessidades e oferecendo solu\u00e7\u00f5es adequadas.<br \/>\n\u2022\tVenda de aparelhos celulares e planos m\u00f3veis e residenciais da Claro.<br \/>\n\u2022\tAlcan\u00e7ar e superar as metas de vendas estabelecidas.<br \/>\n\u2022\tManter-se atualizado sobre os \u00faltimos lan\u00e7amentos de produtos e tecnologias da Claro.<\/p>\n<p>Requisitos:<br \/>\n\u2022\tExperi\u00eancia anterior em vendas, preferencialmente no segmento de telecomunica\u00e7\u00f5es.<br \/>\n\u2022\tExcelentes habilidades de comunica\u00e7\u00e3o e relacionamento interpessoal.<br \/>\n\u2022\tCapacidade de trabalhar em equipe.<br \/>\n\u2022\tMotiva\u00e7\u00e3o para aprender e se desenvolver profissionalmente.<\/p>\n<p>Oferecemos:<br \/>\n\u2022\tSal\u00e1rio competitivo com premia\u00e7\u00e3o por vendas.<br \/>\n\u2022\tOportunidades de crescimento e desenvolvimento profissional.<br \/>\n\u2022\tAmbiente de trabalho din\u00e2mico.<br \/>\n\u2022\tBenef\u00edcios como vale transporte e vale alimenta\u00e7\u00e3o\/refei\u00e7\u00e3o.<\/p>\n<ul>\n<li>Local de trabalho: Arma\u00e7\u00e3o dos B\u00fazios, RJ<\/li>\n<li>Regime de contrata\u00e7\u00e3o de tipo: Efetivo \u2013 CLT<\/li>\n<li>Jornada: Per\u00edodo Integral<\/li>\n<li>\u00c1rea e especializa\u00e7\u00e3o profissional: Comercial, Vendas &#8211; Venda Interna<\/li>\n<li>N\u00edvel hier\u00e1rquico: Operacional<\/li>\n<\/ul>\n<p>VALORIZADO<\/p>\n<p>Tempo de experi\u00eancia: Entre 1 e 3 anos<\/p>\n<p>HABILIDADES<\/p>\n<ul>\n<li>Atitude positiva<\/li>\n<li>Dinamismo<\/li>\n<li>Excel\u00eancia no atendimento<\/li>\n<li>Comprometimento<\/li>\n<\/ul>\n<p>Escolaridade M\u00ednima: Ensino M\u00e9dio (2\u00ba Grau)<\/p>\n<ul>\n<li>Aux\u00edlio  combust\u00edvel<\/li>\n<li>Vale refei\u00e7\u00e3o<\/li>\n<li>Vale transporte<\/li>\n<li>Premia\u00e7\u00e3o<\/li>\n<li>Vale alimenta\u00e7\u00e3o<\/li>\n<\/ul>\n<p>Sal\u00e1rio: 1688,0<\/p>\n","protected":false},"excerpt":{"rendered":"<p>Estamos em busca de vendedores apaixonados por tecnologia e comunica\u00e7\u00e3o para se juntarem \u00e0 nossa equipe! Como parte do nosso time, voc\u00ea ser\u00e1 respons\u00e1vel por proporcionar uma experi\u00eancia excepcional aos clientes, ajudando-os a encontrar os melhores produtos e servi\u00e7os de acordo com suas necessidades. Responsabilidades: \u2022 Atendimento personalizado ao cliente, entendendo suas necessidades e oferecendo [&hellip;]<\/p>\n","protected":false},"author":1,"featured_media":0,"comment_status":"open","ping_status":"open","sticky":false,"template":"","format":"standard","meta":{"footnotes":""},"categories":[21],"tags":[],"class_list":["post-5084","post","type-post","status-publish","format-standard","hentry","category-rio-de-janeiro-rj"],"_links":{"self":[{"href":"https:\/\/vagas.portalemprego.com.br\/index.php?rest_route=\/wp\/v2\/posts\/5084","targetHints":{"allow":["GET"]}}],"collection":[{"href":"https:\/\/vagas.portalemprego.com.br\/index.php?rest_route=\/wp\/v2\/posts"}],"about":[{"href":"https:\/\/vagas.portalemprego.com.br\/index.php?rest_route=\/wp\/v2\/types\/post"}],"author":[{"embeddable":true,"href":"https:\/\/vagas.portalemprego.com.br\/index.php?rest_route=\/wp\/v2\/users\/1"}],"replies":[{"embeddable":true,"href":"https:\/\/vagas.portalemprego.com.br\/index.php?rest_route=%2Fwp%2Fv2%2Fcomments&post=5084"}],"version-history":[{"count":0,"href":"https:\/\/vagas.portalemprego.com.br\/index.php?rest_route=\/wp\/v2\/posts\/5084\/revisions"}],"wp:attachment":[{"href":"https:\/\/vagas.portalemprego.com.br\/index.php?rest_route=%2Fwp%2Fv2%2Fmedia&parent=5084"}],"wp:term":[{"taxonomy":"category","embeddable":true,"href":"https:\/\/vagas.portalemprego.com.br\/index.php?rest_route=%2Fwp%2Fv2%2Fcategories&post=5084"},{"taxonomy":"post_tag","embeddable":true,"href":"https:\/\/vagas.portalemprego.com.br\/index.php?rest_route=%2Fwp%2Fv2%2Ftags&post=5084"}],"curies":[{"name":"wp","href":"https:\/\/api.w.org\/{rel}","templated":true}]}}