{"id":5085,"date":"2026-04-29T06:23:23","date_gmt":"2026-04-29T09:23:23","guid":{"rendered":"https:\/\/vagas.portalemprego.com.br\/?p=5085"},"modified":"2026-04-29T06:23:23","modified_gmt":"2026-04-29T09:23:23","slug":"representante-comercial-comercial-vendas-rio-de-janeiro-7","status":"publish","type":"post","link":"https:\/\/vagas.portalemprego.com.br\/?p=5085","title":{"rendered":"Representante Comercial &#8211; Comercial, Vendas &#8211; Rio de Janeiro"},"content":{"rendered":"<p>Vaga: Representante Comercial<br \/>\nSegmento: Distribui\u00e7\u00e3o de semijoias<br \/>\nResumo da Oportunidade<br \/>\n Empresa do segmento de semijoias busca um(a) Representante Comercial para atuar na capta\u00e7\u00e3o de novos lojistas e no atendimento de uma nova carteira de clientes. A atua\u00e7\u00e3o abrange Zona Oeste, Baixada Fluminense e Centro do Rio de Janeiro.<br \/>\nPerfil Desejado<br \/>\n Profissional com boa comunica\u00e7\u00e3o, postura comercial e habilidade para prospec\u00e7\u00e3o ativa. Prefer\u00eancia por mulheres, por\u00e9m homens tamb\u00e9m podem se candidatar. Necess\u00e1rio possuir carro para deslocamento entre as regi\u00f5es atendidas.<br \/>\nRequisitos<br \/>\n \u2022 Experi\u00eancia com vendas externas ou representa\u00e7\u00e3o comercial<br \/>\n \u2022 Facilidade para capta\u00e7\u00e3o de novos lojistas<br \/>\n \u2022 Organiza\u00e7\u00e3o e autonomia<br \/>\n \u2022 Disponibilidade para deslocamentos<br \/>\n \u2022 Possuir ve\u00edculo pr\u00f3prio (obrigat\u00f3rio)<br \/>\nAtividades<br \/>\n \u2022 Prospectar e captar novos lojistas<br \/>\n \u2022 Realizar atendimento e gest\u00e3o da nova carteira<br \/>\n \u2022 Apresentar produtos e condi\u00e7\u00f5es comerciais<br \/>\n \u2022 Manter relacionamento cont\u00ednuo com os clientes<br \/>\n \u2022 Realizar visitas peri\u00f3dicas nas regi\u00f5es designadas<br \/>\n \u2022 Apoiar no fortalecimento da marca junto ao varejo<br \/>\nContrata\u00e7\u00e3o e Benef\u00edcios<br \/>\n \u2022 Modelo PJ<br \/>\n \u2022 Sal\u00e1rio: pretens\u00e3o salarial aberta<br \/>\n \u2022 VR<br \/>\n \u2022 Plano odontol\u00f3gico<br \/>\n \u2022 Total Pass<\/p>\n<ul>\n<li>Local de trabalho: Rio de Janeiro, RJ<\/li>\n<li>Regime de contrata\u00e7\u00e3o de tipo: Prestador de Servi\u00e7os (PJ)<\/li>\n<li>Jornada: Per\u00edodo Integral<\/li>\n<li>\u00c1rea e especializa\u00e7\u00e3o profissional: Comercial, Vendas &#8211; Representa\u00e7\u00e3o Comercial<\/li>\n<li>N\u00edvel hier\u00e1rquico: Especialista<\/li>\n<\/ul>\n<p>VALORIZADO<\/p>\n<p>Tempo de experi\u00eancia: Entre 1 e 3 anos<\/p>\n<p>Escolaridade M\u00ednima: Ensino M\u00e9dio (2\u00ba Grau)<\/p>\n","protected":false},"excerpt":{"rendered":"<p>Vaga: Representante Comercial Segmento: Distribui\u00e7\u00e3o de semijoias Resumo da Oportunidade Empresa do segmento de semijoias busca um(a) Representante Comercial para atuar na capta\u00e7\u00e3o de novos lojistas e no atendimento de uma nova carteira de clientes. A atua\u00e7\u00e3o abrange Zona Oeste, Baixada Fluminense e Centro do Rio de Janeiro. Perfil Desejado Profissional com boa comunica\u00e7\u00e3o, postura [&hellip;]<\/p>\n","protected":false},"author":1,"featured_media":0,"comment_status":"open","ping_status":"open","sticky":false,"template":"","format":"standard","meta":{"footnotes":""},"categories":[21],"tags":[],"class_list":["post-5085","post","type-post","status-publish","format-standard","hentry","category-rio-de-janeiro-rj"],"_links":{"self":[{"href":"https:\/\/vagas.portalemprego.com.br\/index.php?rest_route=\/wp\/v2\/posts\/5085","targetHints":{"allow":["GET"]}}],"collection":[{"href":"https:\/\/vagas.portalemprego.com.br\/index.php?rest_route=\/wp\/v2\/posts"}],"about":[{"href":"https:\/\/vagas.portalemprego.com.br\/index.php?rest_route=\/wp\/v2\/types\/post"}],"author":[{"embeddable":true,"href":"https:\/\/vagas.portalemprego.com.br\/index.php?rest_route=\/wp\/v2\/users\/1"}],"replies":[{"embeddable":true,"href":"https:\/\/vagas.portalemprego.com.br\/index.php?rest_route=%2Fwp%2Fv2%2Fcomments&post=5085"}],"version-history":[{"count":0,"href":"https:\/\/vagas.portalemprego.com.br\/index.php?rest_route=\/wp\/v2\/posts\/5085\/revisions"}],"wp:attachment":[{"href":"https:\/\/vagas.portalemprego.com.br\/index.php?rest_route=%2Fwp%2Fv2%2Fmedia&parent=5085"}],"wp:term":[{"taxonomy":"category","embeddable":true,"href":"https:\/\/vagas.portalemprego.com.br\/index.php?rest_route=%2Fwp%2Fv2%2Fcategories&post=5085"},{"taxonomy":"post_tag","embeddable":true,"href":"https:\/\/vagas.portalemprego.com.br\/index.php?rest_route=%2Fwp%2Fv2%2Ftags&post=5085"}],"curies":[{"name":"wp","href":"https:\/\/api.w.org\/{rel}","templated":true}]}}