{"id":5086,"date":"2026-04-29T06:23:23","date_gmt":"2026-04-29T09:23:23","guid":{"rendered":"https:\/\/vagas.portalemprego.com.br\/?p=5086"},"modified":"2026-04-29T06:23:23","modified_gmt":"2026-04-29T09:23:23","slug":"vendedora-externoa-comercial-vendas-niteroi","status":"publish","type":"post","link":"https:\/\/vagas.portalemprego.com.br\/?p=5086","title":{"rendered":"Vendedor(a) Externo(a) &#8211; Comercial, Vendas &#8211; Niter\u00f3i"},"content":{"rendered":"<p>Estamos em busca de um Vendedor(a) Externo(a) din\u00e2mico(a) e engajado(a) para se juntar \u00e0 nossa equipe.<br \/>\nBuscamos algu\u00e9m que tenha habilidades de comunica\u00e7\u00e3o e influ\u00eancia, com foco em resultados e comprometimento(a) com o desenvolvimento profissional.<\/p>\n<p>Voc\u00ea ser\u00e1 respons\u00e1vel por alcan\u00e7ar metas de vendas, prospectar clientes potenciais e manter relacionamentos s\u00f3lidos com clientes existentes.<br \/>\nA posi\u00e7\u00e3o exige algu\u00e9m que seja organizado(a), planejador(a) e disciplinado(a), com uma forte capacidade de se adaptar e aprender rapidamente.<\/p>\n<p>Para se candidatar, \u00e9 necess\u00e1rio ter Ensino M\u00e9dio completo e CNH B ou AB.<br \/>\nConhecimentos de ferramentas digitais s\u00e3o essenciais, e experi\u00eancia em vendas \u00e9 um diferencial importante.<\/p>\n<p>Al\u00e9m de habilidades t\u00e9cnicas, buscamos algu\u00e9m que demonstre comprometimento com o crescimento profissional e disponibilidade para aprender novas estrat\u00e9gias de vendas e ferramentas digitais.<br \/>\nA posi\u00e7\u00e3o requer algu\u00e9m que possa trabalhar de forma independente, gerenciar seu pr\u00f3prio tempo e alcan\u00e7ar metas estabelecidas.<\/p>\n<p>Se voc\u00ea \u00e9 uma pessoa orientada para resultados, tem uma boa comunica\u00e7\u00e3o e est\u00e1 disposto a se desenvolver em um ambiente desafiador, esta oportunidade pode ser perfeita para voc\u00ea.<br \/>\nJunte-se \u00e0 nossa equipe e contribua para o sucesso da empresa com suas habilidades e comprometimento.<\/p>\n<p>Apoiamos o desenvolvimento cont\u00ednuo de nossos colaboradores, oferecendo treinamentos e oportunidades de crescimento dentro da empresa.<br \/>\nVenha fazer parte de uma equipe que valoriza o trabalho em equipe e o sucesso m\u00fatuo.<\/p>\n<p>Aguardamos sua candidatura para discutir como voc\u00ea pode contribuir para o nosso sucesso.<\/p>\n<ul>\n<li>Local de trabalho: Niter\u00f3i, RJ<\/li>\n<li>Regime de contrata\u00e7\u00e3o de tipo: Efetivo \u2013 CLT<\/li>\n<li>Jornada: Per\u00edodo Integral<\/li>\n<li>\u00c1rea e especializa\u00e7\u00e3o profissional: Comercial, Vendas &#8211; Venda Externa<\/li>\n<li>N\u00edvel hier\u00e1rquico: Operacional<\/li>\n<\/ul>\n<p>HABILIDADES<\/p>\n<ul>\n<li>Organiza\u00e7\u00e3o<\/li>\n<li>Conhecimentos de ferramentas digitais<\/li>\n<li>CNH B ou AB<\/li>\n<li>Disciplina<\/li>\n<li>Planejamento<\/li>\n<li>Boa comunica\u00e7\u00e3o<\/li>\n<li>Foco em resultados<\/li>\n<li>Disponibilidade para se desenvolver<\/li>\n<li>Disponibilidade para aprender<\/li>\n<li>Experi\u00eancia em vendas, ser\u00e1 considerado um diferencial<\/li>\n<li>Influ\u00eancia<\/li>\n<li>Ensino M\u00e9dio Completo<\/li>\n<\/ul>\n<p>Escolaridade M\u00ednima: Ensino M\u00e9dio (2\u00ba Grau)<\/p>\n<p>Habilita\u00e7\u00e3o para dirigir: B<\/p>\n<ul>\n<li>Plataforma de telemedicina<\/li>\n<li>Plano de academia<\/li>\n<li>Vale alimenta\u00e7\u00e3o ou Refei\u00e7\u00e3o<\/li>\n<li>Conv\u00eanio farm\u00e1cia<\/li>\n<li>Folgas adicionais durante o ano<\/li>\n<li>Acesso a curso de idiomas<\/li>\n<li>Conv\u00eanio m\u00e9dico<\/li>\n<li>Carro disponibilizado pela empresa<\/li>\n<li>Folga de anivers\u00e1rio<\/li>\n<li>Seguro de Vida<\/li>\n<li>B\u00f4nus por resultado<\/li>\n<li>Conv\u00eanio odontol\u00f3gico<\/li>\n<\/ul>\n","protected":false},"excerpt":{"rendered":"<p>Estamos em busca de um Vendedor(a) Externo(a) din\u00e2mico(a) e engajado(a) para se juntar \u00e0 nossa equipe. Buscamos algu\u00e9m que tenha habilidades de comunica\u00e7\u00e3o e influ\u00eancia, com foco em resultados e comprometimento(a) com o desenvolvimento profissional. Voc\u00ea ser\u00e1 respons\u00e1vel por alcan\u00e7ar metas de vendas, prospectar clientes potenciais e manter relacionamentos s\u00f3lidos com clientes existentes. A posi\u00e7\u00e3o [&hellip;]<\/p>\n","protected":false},"author":1,"featured_media":0,"comment_status":"open","ping_status":"open","sticky":false,"template":"","format":"standard","meta":{"footnotes":""},"categories":[21],"tags":[],"class_list":["post-5086","post","type-post","status-publish","format-standard","hentry","category-rio-de-janeiro-rj"],"_links":{"self":[{"href":"https:\/\/vagas.portalemprego.com.br\/index.php?rest_route=\/wp\/v2\/posts\/5086","targetHints":{"allow":["GET"]}}],"collection":[{"href":"https:\/\/vagas.portalemprego.com.br\/index.php?rest_route=\/wp\/v2\/posts"}],"about":[{"href":"https:\/\/vagas.portalemprego.com.br\/index.php?rest_route=\/wp\/v2\/types\/post"}],"author":[{"embeddable":true,"href":"https:\/\/vagas.portalemprego.com.br\/index.php?rest_route=\/wp\/v2\/users\/1"}],"replies":[{"embeddable":true,"href":"https:\/\/vagas.portalemprego.com.br\/index.php?rest_route=%2Fwp%2Fv2%2Fcomments&post=5086"}],"version-history":[{"count":0,"href":"https:\/\/vagas.portalemprego.com.br\/index.php?rest_route=\/wp\/v2\/posts\/5086\/revisions"}],"wp:attachment":[{"href":"https:\/\/vagas.portalemprego.com.br\/index.php?rest_route=%2Fwp%2Fv2%2Fmedia&parent=5086"}],"wp:term":[{"taxonomy":"category","embeddable":true,"href":"https:\/\/vagas.portalemprego.com.br\/index.php?rest_route=%2Fwp%2Fv2%2Fcategories&post=5086"},{"taxonomy":"post_tag","embeddable":true,"href":"https:\/\/vagas.portalemprego.com.br\/index.php?rest_route=%2Fwp%2Fv2%2Ftags&post=5086"}],"curies":[{"name":"wp","href":"https:\/\/api.w.org\/{rel}","templated":true}]}}