{"id":5087,"date":"2026-04-29T06:23:23","date_gmt":"2026-04-29T09:23:23","guid":{"rendered":"https:\/\/vagas.portalemprego.com.br\/?p=5087"},"modified":"2026-04-29T06:23:23","modified_gmt":"2026-04-29T09:23:23","slug":"operador-a-de-vendas-loja-de-emprestimos-comercial-vendas-sao-goncalo","status":"publish","type":"post","link":"https:\/\/vagas.portalemprego.com.br\/?p=5087","title":{"rendered":"Operador (a) de Vendas | Loja de Empr\u00e9stimos &#8211; Comercial, Vendas &#8211; S\u00e3o Gon\u00e7alo"},"content":{"rendered":"<p>Habilidade em comunica\u00e7\u00e3o, facilidade de adapta\u00e7\u00e3o e sede por conhecimento e crescimento s\u00e3o caracter\u00edsticas essenciais para integrar o nosso time.<br \/>\nValorizamos profissionais que demonstrem essas compet\u00eancias, pois acreditamos que elas s\u00e3o fundamentais para o desenvolvimento de uma carreira s\u00f3lida e duradoura dentro da nossa organiza\u00e7\u00e3o.<br \/>\nAtividades:<br \/>\nRealizar vendas de empr\u00e9stimos, cart\u00f5es e seguros;<br \/>\nProspectar novos clientes e manter a carteira ativa;<br \/>\nEfetuar capta\u00e7\u00e3o de clientes via telefone (TMK ativo).<br \/>\nRequisitos:<br \/>\nEnsino m\u00e9dio completo ou superior cursando;<br \/>\nExperi\u00eancia pr\u00e9via com vendas ou em cargo similar;<br \/>\nDom\u00ednio do processo de vendas e hist\u00f3rico comprovado de resultados;<br \/>\nExcelentes habilidades de comunica\u00e7\u00e3o;<br \/>\nDesej\u00e1vel: possuir certifica\u00e7\u00e3o ANEPS.<br \/>\nBenef\u00edcios:<br \/>\nVT + VR + Plano de Sa\u00fade(SulAm\u00e9rica)  e Odontol\u00f3gico (Amil) + TotalPass + parceria com o Sesc<\/p>\n<ul>\n<li>N\u00famero de vagas: 2<\/li>\n<li>Local de trabalho: S\u00e3o Gon\u00e7alo, RJ<\/li>\n<li>Regime de contrata\u00e7\u00e3o de tipo: Efetivo \u2013 CLT<\/li>\n<li>Jornada: Per\u00edodo Integral<\/li>\n<li>\u00c1rea e especializa\u00e7\u00e3o profissional: Comercial, Vendas &#8211; Venda Interna<\/li>\n<li>N\u00edvel hier\u00e1rquico: Consultor<\/li>\n<\/ul>\n<p>VALORIZADO<\/p>\n<p>Tempo de experi\u00eancia: Entre 1 e 3 anos<\/p>\n<p>Escolaridade M\u00ednima: Ensino M\u00e9dio (2\u00ba Grau)<\/p>\n<ul>\n<li>Vale Transporte<\/li>\n<li>Plano Odontol\u00f3gico<\/li>\n<li>Vale Refei\u00e7\u00e3o<\/li>\n<li>Plano de Sa\u00fade<\/li>\n<li>Sesc<\/li>\n<\/ul>\n<p>Sal\u00e1rio: 3500,0<\/p>\n","protected":false},"excerpt":{"rendered":"<p>Habilidade em comunica\u00e7\u00e3o, facilidade de adapta\u00e7\u00e3o e sede por conhecimento e crescimento s\u00e3o caracter\u00edsticas essenciais para integrar o nosso time. Valorizamos profissionais que demonstrem essas compet\u00eancias, pois acreditamos que elas s\u00e3o fundamentais para o desenvolvimento de uma carreira s\u00f3lida e duradoura dentro da nossa organiza\u00e7\u00e3o. Atividades: Realizar vendas de empr\u00e9stimos, cart\u00f5es e seguros; Prospectar novos [&hellip;]<\/p>\n","protected":false},"author":1,"featured_media":0,"comment_status":"open","ping_status":"open","sticky":false,"template":"","format":"standard","meta":{"footnotes":""},"categories":[21],"tags":[],"class_list":["post-5087","post","type-post","status-publish","format-standard","hentry","category-rio-de-janeiro-rj"],"_links":{"self":[{"href":"https:\/\/vagas.portalemprego.com.br\/index.php?rest_route=\/wp\/v2\/posts\/5087","targetHints":{"allow":["GET"]}}],"collection":[{"href":"https:\/\/vagas.portalemprego.com.br\/index.php?rest_route=\/wp\/v2\/posts"}],"about":[{"href":"https:\/\/vagas.portalemprego.com.br\/index.php?rest_route=\/wp\/v2\/types\/post"}],"author":[{"embeddable":true,"href":"https:\/\/vagas.portalemprego.com.br\/index.php?rest_route=\/wp\/v2\/users\/1"}],"replies":[{"embeddable":true,"href":"https:\/\/vagas.portalemprego.com.br\/index.php?rest_route=%2Fwp%2Fv2%2Fcomments&post=5087"}],"version-history":[{"count":0,"href":"https:\/\/vagas.portalemprego.com.br\/index.php?rest_route=\/wp\/v2\/posts\/5087\/revisions"}],"wp:attachment":[{"href":"https:\/\/vagas.portalemprego.com.br\/index.php?rest_route=%2Fwp%2Fv2%2Fmedia&parent=5087"}],"wp:term":[{"taxonomy":"category","embeddable":true,"href":"https:\/\/vagas.portalemprego.com.br\/index.php?rest_route=%2Fwp%2Fv2%2Fcategories&post=5087"},{"taxonomy":"post_tag","embeddable":true,"href":"https:\/\/vagas.portalemprego.com.br\/index.php?rest_route=%2Fwp%2Fv2%2Ftags&post=5087"}],"curies":[{"name":"wp","href":"https:\/\/api.w.org\/{rel}","templated":true}]}}