{"id":5088,"date":"2026-04-29T06:23:23","date_gmt":"2026-04-29T09:23:23","guid":{"rendered":"https:\/\/vagas.portalemprego.com.br\/?p=5088"},"modified":"2026-04-29T06:23:23","modified_gmt":"2026-04-29T09:23:23","slug":"analista-pleno-de-inteligencia-artificial-informatica-ti-telecomunicacoes-rio-de-janeiro","status":"publish","type":"post","link":"https:\/\/vagas.portalemprego.com.br\/?p=5088","title":{"rendered":"Analista Pleno de Intelig\u00eancia Artificial &#8211; Inform\u00e1tica, TI, Telecomunica\u00e7\u00f5es &#8211; Rio de Janeiro"},"content":{"rendered":"<p>Estamos buscando um(a) Analista Pleno de Intelig\u00eancia Artificial \/ Cientista de Dados para ser a primeira contrata\u00e7\u00e3o t\u00e9cnica da \u00e1rea e respons\u00e1vel por impulsionar a cultura de IA dentro da empresa. Este(a) profissional ter\u00e1 papel fundamental na constru\u00e7\u00e3o das primeiras solu\u00e7\u00f5es, defini\u00e7\u00e3o do ambiente t\u00e9cnico e evangeliza\u00e7\u00e3o das equipes para ado\u00e7\u00e3o de pr\u00e1ticas orientadas por dados.<br \/>\nSe voc\u00ea tem experi\u00eancia pr\u00e1tica em Data Science e deseja liderar a implanta\u00e7\u00e3o de IA do zero, com autonomia t\u00e9cnica e impacto direto no neg\u00f3cio, esta vaga \u00e9 para voc\u00ea.<br \/>\nO Duplo Desafio da Fun\u00e7\u00e3o<br \/>\n1) Desenvolvimento Hands-on<br \/>\n \u2022 Atuar em todo o ciclo de vida de modelos: coleta, tratamento, modelagem e avalia\u00e7\u00e3o.<br \/>\n \u2022 Desenvolver POCs e as primeiras solu\u00e7\u00f5es internas de IA (classifica\u00e7\u00e3o, regress\u00e3o, clustering, automa\u00e7\u00f5es e previs\u00f5es).<br \/>\n \u2022 Auxiliar na defini\u00e7\u00e3o e configura\u00e7\u00e3o inicial do ambiente t\u00e9cnico (cloud, bibliotecas, frameworks).<br \/>\n \u2022 Garantir qualidade e consist\u00eancia dos dados, em parceria com TI\/Engenharia.<br \/>\n2) Evangeliza\u00e7\u00e3o Interna e Cultura de IA<br \/>\n \u2022 Mapear oportunidades de aplica\u00e7\u00e3o de IA em \u00e1reas como Opera\u00e7\u00f5es, Finan\u00e7as e Marketing.<br \/>\n \u2022 Traduzir resultados t\u00e9cnicos em insights acion\u00e1veis, gerando demonstra\u00e7\u00f5es claras de valor.<br \/>\n \u2022 Apoiar na capacita\u00e7\u00e3o das equipes, difundindo conceitos e boas pr\u00e1ticas.<br \/>\nRequisitos Essenciais (Pleno)<br \/>\n\u2022 Forma\u00e7\u00e3o em Ci\u00eancia da Computa\u00e7\u00e3o, Engenharia, Estat\u00edstica, Matem\u00e1tica ou \u00e1reas correlatas.<br \/>\n \u2022 De 2 a 4 anos de experi\u00eancia como Cientista de Dados ou Analista de IA.<br \/>\n \u2022 Profici\u00eancia em Python e bibliotecas de Data Science (Pandas, NumPy, Scikit-learn).<br \/>\n \u2022 Dom\u00ednio em SQL e manipula\u00e7\u00e3o de grandes volumes de dados.<br \/>\n \u2022 Forte entendimento em Machine Learning, estat\u00edstica e avalia\u00e7\u00e3o de modelos.<br \/>\n \u2022 Habilidade de comunica\u00e7\u00e3o e capacidade de dialogar com p\u00fablicos n\u00e3o t\u00e9cnicos.<br \/>\nDesej\u00e1veis<br \/>\n\u2022 Experi\u00eancia com Tableau, Power BI ou Streamlit.<br \/>\n \u2022 Viv\u00eancia com cloud (AWS, GCP ou Azure).<br \/>\n \u2022 Conhecimento b\u00e1sico em MLOps e Git.<br \/>\nImportante:<br \/>\nEsta \u00e9 uma posi\u00e7\u00e3o presencial, com atua\u00e7\u00e3o di\u00e1ria na Barra da Tijuca (RJ). Considerar apenas candidaturas com disponibilidade total para trabalhar no local.<\/p>\n<ul>\n<li>Local de trabalho: Rio de Janeiro, RJ<\/li>\n<li>Regime de contrata\u00e7\u00e3o de tipo: Efetivo \u2013 CLT<\/li>\n<li>Jornada: Per\u00edodo Integral<\/li>\n<li>\u00c1rea e especializa\u00e7\u00e3o profissional: Inform\u00e1tica, TI, Telecomunica\u00e7\u00f5es &#8211; Processamento de Dados<\/li>\n<li>N\u00edvel hier\u00e1rquico: Analista<\/li>\n<\/ul>\n<p>Escolaridade M\u00ednima: P\u00f3s-gradua\u00e7\u00e3o &#8211; Especializa\u00e7\u00e3o\/MBA<\/p>\n<p>Sal\u00e1rio: 6000,0<\/p>\n","protected":false},"excerpt":{"rendered":"<p>Estamos buscando um(a) Analista Pleno de Intelig\u00eancia Artificial \/ Cientista de Dados para ser a primeira contrata\u00e7\u00e3o t\u00e9cnica da \u00e1rea e respons\u00e1vel por impulsionar a cultura de IA dentro da empresa. Este(a) profissional ter\u00e1 papel fundamental na constru\u00e7\u00e3o das primeiras solu\u00e7\u00f5es, defini\u00e7\u00e3o do ambiente t\u00e9cnico e evangeliza\u00e7\u00e3o das equipes para ado\u00e7\u00e3o de pr\u00e1ticas orientadas por [&hellip;]<\/p>\n","protected":false},"author":1,"featured_media":0,"comment_status":"open","ping_status":"open","sticky":false,"template":"","format":"standard","meta":{"footnotes":""},"categories":[21],"tags":[],"class_list":["post-5088","post","type-post","status-publish","format-standard","hentry","category-rio-de-janeiro-rj"],"_links":{"self":[{"href":"https:\/\/vagas.portalemprego.com.br\/index.php?rest_route=\/wp\/v2\/posts\/5088","targetHints":{"allow":["GET"]}}],"collection":[{"href":"https:\/\/vagas.portalemprego.com.br\/index.php?rest_route=\/wp\/v2\/posts"}],"about":[{"href":"https:\/\/vagas.portalemprego.com.br\/index.php?rest_route=\/wp\/v2\/types\/post"}],"author":[{"embeddable":true,"href":"https:\/\/vagas.portalemprego.com.br\/index.php?rest_route=\/wp\/v2\/users\/1"}],"replies":[{"embeddable":true,"href":"https:\/\/vagas.portalemprego.com.br\/index.php?rest_route=%2Fwp%2Fv2%2Fcomments&post=5088"}],"version-history":[{"count":0,"href":"https:\/\/vagas.portalemprego.com.br\/index.php?rest_route=\/wp\/v2\/posts\/5088\/revisions"}],"wp:attachment":[{"href":"https:\/\/vagas.portalemprego.com.br\/index.php?rest_route=%2Fwp%2Fv2%2Fmedia&parent=5088"}],"wp:term":[{"taxonomy":"category","embeddable":true,"href":"https:\/\/vagas.portalemprego.com.br\/index.php?rest_route=%2Fwp%2Fv2%2Fcategories&post=5088"},{"taxonomy":"post_tag","embeddable":true,"href":"https:\/\/vagas.portalemprego.com.br\/index.php?rest_route=%2Fwp%2Fv2%2Ftags&post=5088"}],"curies":[{"name":"wp","href":"https:\/\/api.w.org\/{rel}","templated":true}]}}