{"id":509,"date":"2026-04-29T06:33:33","date_gmt":"2026-04-29T09:33:33","guid":{"rendered":"https:\/\/vagas.portalemprego.com.br\/?p=509"},"modified":"2026-04-29T06:33:33","modified_gmt":"2026-04-29T09:33:33","slug":"encarregado-de-e-commerce-logistica-niteroi","status":"publish","type":"post","link":"https:\/\/vagas.portalemprego.com.br\/?p=509","title":{"rendered":"Encarregado de E-Commerce &#8211; Log\u00edstica &#8211; Niter\u00f3i"},"content":{"rendered":"<p>A oportunidade de liderar o time de e-Commerce na TALENT ON TIME BRASIL LTDA.<br \/>\nEstamos em busca de um Encarregado de E-commerce para se juntar \u00e0 nossa equipe. Se voc\u00ea \u00e9 apaixonado por vendas online, tem experi\u00eancia na gest\u00e3o de lojas virtuais e busca por um desafio, essa vaga \u00e9 para voc\u00ea!<\/p>\n<p> Importante:<br \/>\n\u00c9 necess\u00e1rio residir no Rio de Janeiro, Niter\u00f3i ou Regi\u00e3o dos Lagos.<br \/>\no(a) profissional atuar\u00e1 de forma itinerante entre as unidades da rede, oferecendo suporte \u00e0s opera\u00e7\u00f5es de e-commerce das lojas. Todos os custos de deslocamento ser\u00e3o integralmente custeados pela empresa.<\/p>\n<p>O que voc\u00ea vai fazer?<br \/>\nControle di\u00e1rio do E-commerce: Otimiza\u00e7\u00e3o dos processos<br \/>\nControle e acompanhamento de KPIs Comerciais<br \/>\nTreinar, acompanhar e dar suporte \u00e0 equipe de E-Commerce<br \/>\nAcompanhar o SAC<br \/>\nAjudar na cria\u00e7\u00e3o de a\u00e7\u00f5es para aumento de vendas com inputs comerciais e an\u00e1lise de estoque<br \/>\nDefinir as metas de sua equipe de opera\u00e7\u00f5es<\/p>\n<p>Horario de segunda a sexta e aos s\u00e1bados at\u00e9 ao meio dia.<\/p>\n<p>Requisitos:<br \/>\n&#8211; Experi\u00eancia comprovada em e-commerce;<br \/>\n&#8211; Conhecimento em plataformas de vendas online;<br \/>\n&#8211; Habilidade em gest\u00e3o de equipe;<br \/>\n&#8211; Boa comunica\u00e7\u00e3o e organiza\u00e7\u00e3o.<\/p>\n<p>Se voc\u00ea se encaixa nesse perfil, clique no bot\u00e3o &#8220;Candidate-se&#8221; e envie seu curr\u00edculo. Estamos ansiosos para conhec\u00ea-lo!<\/p>\n<ul>\n<li>Local de trabalho: Niter\u00f3i, RJ<\/li>\n<li>Regime de contrata\u00e7\u00e3o de tipo: Efetivo \u2013 CLT<\/li>\n<li>Jornada: Per\u00edodo Integral<\/li>\n<li>\u00c1rea e especializa\u00e7\u00e3o profissional: Log\u00edstica &#8211; Log\u00edstica<\/li>\n<li>N\u00edvel hier\u00e1rquico: Encarregado<\/li>\n<\/ul>\n<p>VALORIZADO<\/p>\n<p>Tempo de experi\u00eancia: Entre 1 e 3 anos<\/p>\n<p>HABILIDADES<\/p>\n<ul>\n<li>Vendas online<\/li>\n<li>Estrat\u00e9gias de vendas<\/li>\n<li>Gest\u00e3o de lojas<\/li>\n<li>Suporte de opera\u00e7\u00f5es<\/li>\n<li>Rela\u00e7\u00f5es comerciais<\/li>\n<\/ul>\n<p>Escolaridade M\u00ednima: Ensino Superior<\/p>\n<ul>\n<li>Assist\u00eancia odontol\u00f3gica<\/li>\n<li>Refeit\u00f3rio<\/li>\n<li>Vale-transporte<\/li>\n<\/ul>\n<p>Sal\u00e1rio: 3800,0<\/p>\n","protected":false},"excerpt":{"rendered":"<p>A oportunidade de liderar o time de e-Commerce na TALENT ON TIME BRASIL LTDA. Estamos em busca de um Encarregado de E-commerce para se juntar \u00e0 nossa equipe. Se voc\u00ea \u00e9 apaixonado por vendas online, tem experi\u00eancia na gest\u00e3o de lojas virtuais e busca por um desafio, essa vaga \u00e9 para voc\u00ea! Importante: \u00c9 necess\u00e1rio [&hellip;]<\/p>\n","protected":false},"author":1,"featured_media":0,"comment_status":"open","ping_status":"open","sticky":false,"template":"","format":"standard","meta":{"footnotes":""},"categories":[21],"tags":[],"class_list":["post-509","post","type-post","status-publish","format-standard","hentry","category-rio-de-janeiro-rj"],"_links":{"self":[{"href":"https:\/\/vagas.portalemprego.com.br\/index.php?rest_route=\/wp\/v2\/posts\/509","targetHints":{"allow":["GET"]}}],"collection":[{"href":"https:\/\/vagas.portalemprego.com.br\/index.php?rest_route=\/wp\/v2\/posts"}],"about":[{"href":"https:\/\/vagas.portalemprego.com.br\/index.php?rest_route=\/wp\/v2\/types\/post"}],"author":[{"embeddable":true,"href":"https:\/\/vagas.portalemprego.com.br\/index.php?rest_route=\/wp\/v2\/users\/1"}],"replies":[{"embeddable":true,"href":"https:\/\/vagas.portalemprego.com.br\/index.php?rest_route=%2Fwp%2Fv2%2Fcomments&post=509"}],"version-history":[{"count":0,"href":"https:\/\/vagas.portalemprego.com.br\/index.php?rest_route=\/wp\/v2\/posts\/509\/revisions"}],"wp:attachment":[{"href":"https:\/\/vagas.portalemprego.com.br\/index.php?rest_route=%2Fwp%2Fv2%2Fmedia&parent=509"}],"wp:term":[{"taxonomy":"category","embeddable":true,"href":"https:\/\/vagas.portalemprego.com.br\/index.php?rest_route=%2Fwp%2Fv2%2Fcategories&post=509"},{"taxonomy":"post_tag","embeddable":true,"href":"https:\/\/vagas.portalemprego.com.br\/index.php?rest_route=%2Fwp%2Fv2%2Ftags&post=509"}],"curies":[{"name":"wp","href":"https:\/\/api.w.org\/{rel}","templated":true}]}}