{"id":5091,"date":"2026-04-29T06:23:23","date_gmt":"2026-04-29T09:23:23","guid":{"rendered":"https:\/\/vagas.portalemprego.com.br\/?p=5091"},"modified":"2026-04-29T06:23:23","modified_gmt":"2026-04-29T09:23:23","slug":"coordenadora-de-recrutamento-e-selecao-centro-rj-recursos-humanos-rio-de-janeiro","status":"publish","type":"post","link":"https:\/\/vagas.portalemprego.com.br\/?p=5091","title":{"rendered":"Coordenador(a) de Recrutamento e Sele\u00e7\u00e3o &#8211; Centro (RJ) &#8211; Recursos Humanos &#8211; Rio de Janeiro"},"content":{"rendered":"<p>Estamos em plena expans\u00e3o e buscamos um(a) l\u00edder de R&amp;S com energia, vis\u00e3o estrat\u00e9gica e foco em resultados para liderar nosso time de Recrutamento e Sele\u00e7\u00e3o. Se conectar talentos \u00e0s oportunidades certas \u00e9 o que move voc\u00ea, venha ser um(a) FERA com a gente!<\/p>\n<p>Procuramos um(a) l\u00edder de Recrutamento e Sele\u00e7\u00e3o para conduzir opera\u00e7\u00f5es de alto volume, engajar e desenvolver um time especializado, gerir indicadores de forma estrat\u00e9gica e impulsionar a melhoria cont\u00ednua dos processos. Valorizamos profissionais com vis\u00e3o anal\u00edtica, tomada de decis\u00e3o assertiva e capacidade de equilibrar o aspecto t\u00e9cnico com o humano.<\/p>\n<p>Responsabilidades:<br \/>\n\u2022 Liderar o time de recrutamento em todas as etapas do processo seletivo, garantindo agilidade, qualidade, resultados e ader\u00eancia \u00e0 cultura organizacional.<br \/>\n\u2022 Desenvolver e acompanhar estrat\u00e9gias de atra\u00e7\u00e3o e reten\u00e7\u00e3o de talentos para alto volume de contrata\u00e7\u00f5es.<br \/>\n\u2022 Gerenciar e otimizar os indicadores-chave da \u00e1rea (SLA, turnover, taxa de convers\u00e3o, tempo m\u00e9dio de contrata\u00e7\u00e3o), atuando com base em dados.<br \/>\n\u2022 Implantar e gerir frentes de capta\u00e7\u00e3o de talentos por meio de parcerias com universidades, ONGs, consultorias,  plataformas digitais, entre outros.<br \/>\n\u2022 Coordenar os programas de contrata\u00e7\u00e3o de PCD, Jovem Aprendiz e Est\u00e1gio, garantindo sua efetividade e conformidade legal.<br \/>\n\u2022 Desenvolver campanhas e eventos de employer branding que fortale\u00e7am a marca empregadora da empresa no mercado.<br \/>\n\u2022 Atuar como parceiro estrat\u00e9gico do time comercial, antecipando necessidades estrat\u00e9gicas e implementando solu\u00e7\u00f5es sob medida para atra\u00e7\u00e3o e reten\u00e7\u00e3o de talentos, fortalecendo a forma\u00e7\u00e3o de times de alta performance.<br \/>\n\u2022 Gerenciar o ATS e demais sistemas de R&amp;S, garantindo o uso eficiente das ferramentas e a qualidade dos dados.<br \/>\n\u2022 Construir e analisar dashboards e relat\u00f3rios gerenciais com indicadores de performance, apoiando decis\u00f5es da alta lideran\u00e7a.<br \/>\n\u2022 Realizar reuni\u00f5es peri\u00f3dicas com l\u00edderes operacionais para alinhamento de perfis, expectativa de prazos e entendimento de necessidades.<br \/>\n\u2022 Liderar o processo de contrata\u00e7\u00e3o para posi\u00e7\u00f5es estrat\u00e9gicas, atuando de forma decisiva e com participa\u00e7\u00e3o ativa na defini\u00e7\u00e3o final.<br \/>\n\u2022 Capacitar a equipe de recrutadores por meio de treinamentos t\u00e9cnicos e comportamentais, conduzindo avalia\u00e7\u00f5es de desempenho, estruturando e acompanhando PDIs, e gerindo a performance individual e coletiva para estimular o crescimento cont\u00ednuo.<br \/>\n\u2022 Desenvolver planos de a\u00e7\u00e3o diante de desafios de contrata\u00e7\u00e3o ou varia\u00e7\u00f5es cr\u00edticas de demanda, garantindo a continuidade do neg\u00f3cio e a sustenta\u00e7\u00e3o da e da estrat\u00e9gia de crescimento organizacional.<br \/>\n\u2022 Atuar na cria\u00e7\u00e3o e revis\u00e3o de pol\u00edticas, fluxos e procedimentos de R&amp;S.<br \/>\n\u2022 Conduzir benchmarkings e estudos de mercado para identificar pr\u00e1ticas inovadoras e tend\u00eancias em atra\u00e7\u00e3o de talentos.<br \/>\n\u2022 Gerenciar contratos com consultorias externas e fornecedores de tecnologia, garantindo qualidade e custo-benef\u00edcio.<br \/>\n\u2022 Promover a\u00e7\u00f5es para melhoria cont\u00ednua da experi\u00eancia do candidato, desde o primeiro contato at\u00e9 a integra\u00e7\u00e3o.<br \/>\n\u2022 Apoiar iniciativas de sucess\u00e3o interna e movimenta\u00e7\u00f5es de carreira, contribuindo com dados e mapeamentos para tomadas de decis\u00e3o.<\/p>\n<p>Requisitos:<\/p>\n<p>\u2022 Gradua\u00e7\u00e3o completa em Psicologia, Recursos Humanos, Administra\u00e7\u00e3o ou Eng. de Produ\u00e7\u00e3o.<br \/>\n\u2022 Viv\u00eancia de 3 a 5 anos liderando times de recrutamento, com atua\u00e7\u00e3o em empresas de m\u00e9dio ou grande porte;<br \/>\n\u2022 S\u00f3lida experi\u00eancia com alto volume de vagas, no segmento de varejo (mandat\u00f3rio);<br \/>\n\u2022 Familiaridade com sistemas ATS (como Pandap\u00e9) e condu\u00e7\u00e3o de processos de ponta a ponta.<\/p>\n<p>Compet\u00eancias T\u00e9cnicas e Comportamentais:<\/p>\n<p>\u2022 Vis\u00e3o estrat\u00e9gica, capacidade anal\u00edtica, planejamento e tomada de decis\u00e3o baseada em dados;<br \/>\n\u2022 Lideran\u00e7a inspiradora, escuta ativa e comunica\u00e7\u00e3o clara;<br \/>\n\u2022 Organiza\u00e7\u00e3o, senso de urg\u00eancia e habilidade para gerir m\u00faltiplas prioridades;<br \/>\n\u2022 Proatividade, flexibilidade e habilidade para resolver conflitos e gerenciar mudan\u00e7as.<br \/>\n\u2022 Gerenciamento de indicadores (KPIs) de R&amp;S.<\/p>\n<ul>\n<li>Local de trabalho: Rio de Janeiro, RJ<\/li>\n<li>Regime de contrata\u00e7\u00e3o de tipo: Efetivo \u2013 CLT<\/li>\n<li>Jornada: Per\u00edodo Integral<\/li>\n<li>\u00c1rea e especializa\u00e7\u00e3o profissional: Recursos Humanos &#8211; Recrutamento e Sele\u00e7\u00e3o<\/li>\n<li>N\u00edvel hier\u00e1rquico: Coordenador<\/li>\n<\/ul>\n<p>VALORIZADO<\/p>\n<p>Tempo de experi\u00eancia: Entre 3 e 5 anos<\/p>\n<p>HABILIDADES<\/p>\n<ul>\n<li>Vis\u00e3o Estrat\u00e9gica<\/li>\n<li>Planejamento<\/li>\n<li>Negocia\u00e7\u00e3o<\/li>\n<li>Programa PcD<\/li>\n<li>Comunica\u00e7\u00e3o Clara e Influ\u00eancia<\/li>\n<li>Lideran\u00e7a e Desenvolvimento de Equipes<\/li>\n<li>Desenvolvimento de Estrat\u00e9gias de Atra\u00e7\u00e3o e Employer Branding<\/li>\n<li>Vis\u00e3o Estrat\u00e9gica de Neg\u00f3cio<\/li>\n<li>Elabora\u00e7\u00e3o e Condu\u00e7\u00e3o de Processos Seletivos Estruturados<\/li>\n<li>Programa Aprendiz<\/li>\n<li>Dom\u00ednio de ATS e Plataformas de Recrutamento<\/li>\n<li>Intelig\u00eancia Emocional e Resili\u00eancia<\/li>\n<li>Gest\u00e3o de Indicadores de R&amp;S (KPIs)<\/li>\n<li>Foco em resultados<\/li>\n<li>Forma\u00e7\u00e3o de equipe de alta performance<\/li>\n<li>Gest\u00e3o de Prioridades e Tomada de Decis\u00e3o<\/li>\n<li>Programa est\u00e1gio<\/li>\n<\/ul>\n<p>Escolaridade M\u00ednima: Ensino Superior<\/p>\n<p>Forma\u00e7\u00e3o desejada:<\/p>\n<ul>\n<li>Gest\u00e3o de Recursos Humanos, Ensino Superior<\/li>\n<li>Psicologia, Ensino Superior<\/li>\n<li>Administra\u00e7\u00e3o de empresas, Ensino Superior<\/li>\n<li>Engenharia de produ\u00e7\u00e3o\/industrial, Ensino Superior<\/li>\n<li>Pedagogia, Ensino Superior<\/li>\n<\/ul>\n<ul>\n<li>day off<\/li>\n<li>conv\u00eanio com faculdade<\/li>\n<li>total pass<\/li>\n<li>Participa\u00e7\u00e3o nos lucros<\/li>\n<li>conv\u00eanio com Sesc<\/li>\n<li>vale refei\u00e7\u00e3o<\/li>\n<li>desconto nas marcas<\/li>\n<li>vale transporte<\/li>\n<li>plano sa\u00fade\/odontol\u00f3gico<\/li>\n<\/ul>\n","protected":false},"excerpt":{"rendered":"<p>Estamos em plena expans\u00e3o e buscamos um(a) l\u00edder de R&amp;S com energia, vis\u00e3o estrat\u00e9gica e foco em resultados para liderar nosso time de Recrutamento e Sele\u00e7\u00e3o. Se conectar talentos \u00e0s oportunidades certas \u00e9 o que move voc\u00ea, venha ser um(a) FERA com a gente! Procuramos um(a) l\u00edder de Recrutamento e Sele\u00e7\u00e3o para conduzir opera\u00e7\u00f5es de [&hellip;]<\/p>\n","protected":false},"author":1,"featured_media":0,"comment_status":"open","ping_status":"open","sticky":false,"template":"","format":"standard","meta":{"footnotes":""},"categories":[21],"tags":[],"class_list":["post-5091","post","type-post","status-publish","format-standard","hentry","category-rio-de-janeiro-rj"],"_links":{"self":[{"href":"https:\/\/vagas.portalemprego.com.br\/index.php?rest_route=\/wp\/v2\/posts\/5091","targetHints":{"allow":["GET"]}}],"collection":[{"href":"https:\/\/vagas.portalemprego.com.br\/index.php?rest_route=\/wp\/v2\/posts"}],"about":[{"href":"https:\/\/vagas.portalemprego.com.br\/index.php?rest_route=\/wp\/v2\/types\/post"}],"author":[{"embeddable":true,"href":"https:\/\/vagas.portalemprego.com.br\/index.php?rest_route=\/wp\/v2\/users\/1"}],"replies":[{"embeddable":true,"href":"https:\/\/vagas.portalemprego.com.br\/index.php?rest_route=%2Fwp%2Fv2%2Fcomments&post=5091"}],"version-history":[{"count":0,"href":"https:\/\/vagas.portalemprego.com.br\/index.php?rest_route=\/wp\/v2\/posts\/5091\/revisions"}],"wp:attachment":[{"href":"https:\/\/vagas.portalemprego.com.br\/index.php?rest_route=%2Fwp%2Fv2%2Fmedia&parent=5091"}],"wp:term":[{"taxonomy":"category","embeddable":true,"href":"https:\/\/vagas.portalemprego.com.br\/index.php?rest_route=%2Fwp%2Fv2%2Fcategories&post=5091"},{"taxonomy":"post_tag","embeddable":true,"href":"https:\/\/vagas.portalemprego.com.br\/index.php?rest_route=%2Fwp%2Fv2%2Ftags&post=5091"}],"curies":[{"name":"wp","href":"https:\/\/api.w.org\/{rel}","templated":true}]}}