{"id":5092,"date":"2026-04-29T06:23:23","date_gmt":"2026-04-29T09:23:23","guid":{"rendered":"https:\/\/vagas.portalemprego.com.br\/?p=5092"},"modified":"2026-04-29T06:23:23","modified_gmt":"2026-04-29T09:23:23","slug":"assistente-de-contabilidade-contabil-financas-economia-rio-de-janeiro-2","status":"publish","type":"post","link":"https:\/\/vagas.portalemprego.com.br\/?p=5092","title":{"rendered":"Assistente de Contabilidade &#8211; Cont\u00e1bil, Finan\u00e7as, Economia &#8211; Rio de Janeiro"},"content":{"rendered":"<p>Acreditamos\u00a0que\u00a0a\u00a0contabilidade\u00a0vai\u00a0al\u00e9m\u00a0dos\u00a0n\u00fameros:\u00a0ela\u00a0\u00e9\u00a0pe\u00e7a-chave\u00a0para\u00a0o\u00a0crescimento\u00a0e\u00a0sustentabilidade\u00a0dos\u00a0neg\u00f3cios.\u00a0Por\u00a0isso,\u00a0estamos\u00a0em\u00a0busca\u00a0de\u00a0um(a)\u00a0Assistente\u00a0Cont\u00e1bil\u00a0que\u00a0seja\u00a0apaixonado(a)\u00a0pelo\u00a0que\u00a0faz\u00a0e\u00a0que\u00a0queira\u00a0atuar\u00a0em\u00a0um\u00a0ambiente\u00a0din\u00e2mico,\u00a0colaborativo\u00a0e\u00a0em\u00a0constante\u00a0evolu\u00e7\u00e3o.<br \/>\nO\u00a0que\u00a0buscamos:<br \/>\nExperi\u00eancia\u00a0comprovada\u00a0em\u00a0contabilidade,\u00a0preferencialmente\u00a0no\u00a0segmento\u00a0de\u00a0farm\u00e1cias\u00a0e\u00a0drogarias.<br \/>\nConhecimento\u00a0s\u00f3lido\u00a0em\u00a0legisla\u00e7\u00e3o\u00a0tribut\u00e1ria\u00a0e\u00a0apura\u00e7\u00e3o\u00a0de\u00a0impostos.<br \/>\nViv\u00eancia\u00a0com\u00a0entrega\u00a0de\u00a0obriga\u00e7\u00f5es\u00a0acess\u00f3rias.<br \/>\nDesej\u00e1vel\u00a0dom\u00ednio\u00a0do\u00a0Sistema\u00a0Alterdata\u00a0e\u00a0Nibo.<br \/>\nOrganiza\u00e7\u00e3o,\u00a0aten\u00e7\u00e3o\u00a0aos\u00a0detalhes\u00a0e\u00a0habilidade\u00a0para\u00a0gerenciar\u00a0m\u00faltiplas\u00a0demandas.<br \/>\nConhecimentos\u00a0em:<br \/>\nLan\u00e7amentos\u00a0cont\u00e1beis<br \/>\nFechamento\u00a0de\u00a0balancetes<br \/>\nApura\u00e7\u00e3o\u00a0de\u00a0DRE<br \/>\nEncerramento\u00a0do\u00a0exerc\u00edcio\u00a0e\u00a0Balan\u00e7o\u00a0Patrimonial<br \/>\nConfec\u00e7\u00e3o\u00a0de\u00a0declara\u00e7\u00f5es\u00a0acess\u00f3rias\u00a0de\u00a0ECF,\u00a0ECD,\u00a0DEFIS,\u00a0DIRF,\u00a0etc<br \/>\nSuas\u00a0responsabilidades:<br \/>\nGarantir\u00a0a\u00a0conformidade\u00a0tribut\u00e1ria\u00a0e\u00a0apoiar\u00a0a\u00a0tomada\u00a0de\u00a0decis\u00f5es\u00a0financeiras\u00a0seguras.<br \/>\nContribuir\u00a0para\u00a0a\u00a0otimiza\u00e7\u00e3o\u00a0de\u00a0processos\u00a0cont\u00e1beis.<br \/>\nApoiar\u00a0o\u00a0time\u00a0na\u00a0busca\u00a0por\u00a0efici\u00eancia\u00a0e\u00a0excel\u00eancia.<br \/>\nO\u00a0que\u00a0voc\u00ea\u00a0encontrar\u00e1\u00a0no\u00a0seu\u00a0ambiente\u00a0de\u00a0trabalho:<br \/>\nUm\u00a0ambiente\u00a0de\u00a0trabalho\u00a0colaborativo\u00a0e\u00a0motivador,\u00a0que\u00a0valoriza\u00a0sua\u00a0expertise.<br \/>\nOportunidades\u00a0de\u00a0crescimento\u00a0profissional\u00a0e\u00a0desenvolvimento\u00a0cont\u00ednuo.<br \/>\nReconhecimento\u00a0pelo\u00a0seu\u00a0papel\u00a0fundamental\u00a0na\u00a0constru\u00e7\u00e3o\u00a0de\u00a0resultados\u00a0s\u00f3lidos.<br \/>\nPerfil\u00a0que\u00a0brilha\u00a0com\u00a0a\u00a0gente:<br \/>\nComunica\u00e7\u00e3o\u00a0clara\u00a0e\u00a0eficaz.<br \/>\nTrabalho\u00a0em\u00a0equipe\u00a0e\u00a0intelig\u00eancia\u00a0emocional.<br \/>\nCapacidade\u00a0anal\u00edtica,\u00a0pensamento\u00a0cr\u00edtico\u00a0e\u00a0iniciativa.<br \/>\nFlexibilidade,\u00a0adaptabilidade\u00a0e\u00a0receptividade\u00a0a\u00a0feedbacks.<br \/>\nResidir\u00a0na\u00a0regi\u00e3o\u00a0de\u00a0Jacarepagu\u00e1.<br \/>\nSe\u00a0voc\u00ea\u00a0\u00e9\u00a0detalhista,\u00a0proativo(a)\u00a0e\u00a0quer\u00a0fazer\u00a0parte\u00a0de\u00a0uma\u00a0equipe\u00a0que\u00a0acredita\u00a0na\u00a0contabilidade\u00a0como\u00a0diferencial\u00a0estrat\u00e9gico,\u00a0candidate-se\u00a0agora\u00a0e\u00a0venha\u00a0construir\u00a0o\u00a0futuro\u00a0com\u00a0a\u00a0gente!<br \/>\nSal\u00e1rio:\u00a02.345,00<br \/>\nSegunda\u00a0\u00e0\u00a0sexta\u00a0feira\u00a0de\u00a008:30\u00a0\u00e0s\u00a018:00\u00a0h\u00a0com\u00a01h\u00a0de\u00a0almo\u00e7o\u00a0e\u00a015min\u00a0de\u00a0lanche.<br \/>\nVale\u00a0Transporte,\u00a0Vale\u00a0Refei\u00e7\u00e3o,\u00a0Conv\u00eanio\u00a0M\u00e9dico(com\u00a0coparticipa\u00e7\u00e3o\u00a0ap\u00f3s\u00a0experi\u00eancia),\u00a0conv\u00eanio\u00a0odontol\u00f3gico,\u00a0Seguro\u00a0de\u00a0Vida\u00a0em\u00a0Grupo,\u00a0PLR<\/p>\n<ul>\n<li>Local de trabalho: Rio de Janeiro, RJ<\/li>\n<li>Regime de contrata\u00e7\u00e3o de tipo: Efetivo \u2013 CLT<\/li>\n<li>Jornada: Parcial manh\u00e3s<\/li>\n<li>\u00c1rea e especializa\u00e7\u00e3o profissional: Cont\u00e1bil, Finan\u00e7as, Economia &#8211; Contabilidade<\/li>\n<li>N\u00edvel hier\u00e1rquico: Assistente<\/li>\n<\/ul>\n<p>VALORIZADO<\/p>\n<p>Tempo de experi\u00eancia: Entre 1 e 3 anos<\/p>\n<p>Escolaridade M\u00ednima: Ensino Superior<\/p>\n<p>Forma\u00e7\u00e3o desejada:<\/p>\n<ul>\n<li>Ci\u00eancias cont\u00e1beis, Ensino Superior<\/li>\n<\/ul>\n<p>Sal\u00e1rio: 3000,0<\/p>\n","protected":false},"excerpt":{"rendered":"<p>Acreditamos\u00a0que\u00a0a\u00a0contabilidade\u00a0vai\u00a0al\u00e9m\u00a0dos\u00a0n\u00fameros:\u00a0ela\u00a0\u00e9\u00a0pe\u00e7a-chave\u00a0para\u00a0o\u00a0crescimento\u00a0e\u00a0sustentabilidade\u00a0dos\u00a0neg\u00f3cios.\u00a0Por\u00a0isso,\u00a0estamos\u00a0em\u00a0busca\u00a0de\u00a0um(a)\u00a0Assistente\u00a0Cont\u00e1bil\u00a0que\u00a0seja\u00a0apaixonado(a)\u00a0pelo\u00a0que\u00a0faz\u00a0e\u00a0que\u00a0queira\u00a0atuar\u00a0em\u00a0um\u00a0ambiente\u00a0din\u00e2mico,\u00a0colaborativo\u00a0e\u00a0em\u00a0constante\u00a0evolu\u00e7\u00e3o. O\u00a0que\u00a0buscamos: Experi\u00eancia\u00a0comprovada\u00a0em\u00a0contabilidade,\u00a0preferencialmente\u00a0no\u00a0segmento\u00a0de\u00a0farm\u00e1cias\u00a0e\u00a0drogarias. Conhecimento\u00a0s\u00f3lido\u00a0em\u00a0legisla\u00e7\u00e3o\u00a0tribut\u00e1ria\u00a0e\u00a0apura\u00e7\u00e3o\u00a0de\u00a0impostos. Viv\u00eancia\u00a0com\u00a0entrega\u00a0de\u00a0obriga\u00e7\u00f5es\u00a0acess\u00f3rias. Desej\u00e1vel\u00a0dom\u00ednio\u00a0do\u00a0Sistema\u00a0Alterdata\u00a0e\u00a0Nibo. Organiza\u00e7\u00e3o,\u00a0aten\u00e7\u00e3o\u00a0aos\u00a0detalhes\u00a0e\u00a0habilidade\u00a0para\u00a0gerenciar\u00a0m\u00faltiplas\u00a0demandas. Conhecimentos\u00a0em: Lan\u00e7amentos\u00a0cont\u00e1beis Fechamento\u00a0de\u00a0balancetes Apura\u00e7\u00e3o\u00a0de\u00a0DRE Encerramento\u00a0do\u00a0exerc\u00edcio\u00a0e\u00a0Balan\u00e7o\u00a0Patrimonial Confec\u00e7\u00e3o\u00a0de\u00a0declara\u00e7\u00f5es\u00a0acess\u00f3rias\u00a0de\u00a0ECF,\u00a0ECD,\u00a0DEFIS,\u00a0DIRF,\u00a0etc Suas\u00a0responsabilidades: Garantir\u00a0a\u00a0conformidade\u00a0tribut\u00e1ria\u00a0e\u00a0apoiar\u00a0a\u00a0tomada\u00a0de\u00a0decis\u00f5es\u00a0financeiras\u00a0seguras. Contribuir\u00a0para\u00a0a\u00a0otimiza\u00e7\u00e3o\u00a0de\u00a0processos\u00a0cont\u00e1beis. Apoiar\u00a0o\u00a0time\u00a0na\u00a0busca\u00a0por\u00a0efici\u00eancia\u00a0e\u00a0excel\u00eancia. O\u00a0que\u00a0voc\u00ea\u00a0encontrar\u00e1\u00a0no\u00a0seu\u00a0ambiente\u00a0de\u00a0trabalho: Um\u00a0ambiente\u00a0de\u00a0trabalho\u00a0colaborativo\u00a0e\u00a0motivador,\u00a0que\u00a0valoriza\u00a0sua\u00a0expertise. Oportunidades\u00a0de\u00a0crescimento\u00a0profissional\u00a0e\u00a0desenvolvimento\u00a0cont\u00ednuo. Reconhecimento\u00a0pelo\u00a0seu\u00a0papel\u00a0fundamental\u00a0na\u00a0constru\u00e7\u00e3o\u00a0de\u00a0resultados\u00a0s\u00f3lidos. Perfil\u00a0que\u00a0brilha\u00a0com\u00a0a\u00a0gente: Comunica\u00e7\u00e3o\u00a0clara\u00a0e\u00a0eficaz. Trabalho\u00a0em\u00a0equipe\u00a0e\u00a0intelig\u00eancia\u00a0emocional. Capacidade\u00a0anal\u00edtica,\u00a0pensamento\u00a0cr\u00edtico\u00a0e\u00a0iniciativa. Flexibilidade,\u00a0adaptabilidade\u00a0e\u00a0receptividade\u00a0a\u00a0feedbacks. Residir\u00a0na\u00a0regi\u00e3o\u00a0de\u00a0Jacarepagu\u00e1. Se\u00a0voc\u00ea\u00a0\u00e9\u00a0detalhista,\u00a0proativo(a)\u00a0e\u00a0quer\u00a0fazer\u00a0parte\u00a0de\u00a0uma\u00a0equipe\u00a0que\u00a0acredita\u00a0na\u00a0contabilidade\u00a0como\u00a0diferencial\u00a0estrat\u00e9gico,\u00a0candidate-se\u00a0agora\u00a0e\u00a0venha\u00a0construir\u00a0o\u00a0futuro\u00a0com\u00a0a\u00a0gente! Sal\u00e1rio:\u00a02.345,00 Segunda\u00a0\u00e0\u00a0sexta\u00a0feira\u00a0de\u00a008:30\u00a0\u00e0s\u00a018:00\u00a0h\u00a0com\u00a01h\u00a0de\u00a0almo\u00e7o\u00a0e\u00a015min\u00a0de\u00a0lanche. Vale\u00a0Transporte,\u00a0Vale\u00a0Refei\u00e7\u00e3o,\u00a0Conv\u00eanio\u00a0M\u00e9dico(com\u00a0coparticipa\u00e7\u00e3o\u00a0ap\u00f3s\u00a0experi\u00eancia),\u00a0conv\u00eanio\u00a0odontol\u00f3gico,\u00a0Seguro\u00a0de\u00a0Vida\u00a0em\u00a0Grupo,\u00a0PLR Local de trabalho: Rio de Janeiro, RJ Regime de contrata\u00e7\u00e3o de tipo: Efetivo \u2013 CLT Jornada: Parcial manh\u00e3s \u00c1rea e especializa\u00e7\u00e3o profissional: Cont\u00e1bil, Finan\u00e7as, [&hellip;]<\/p>\n","protected":false},"author":1,"featured_media":0,"comment_status":"open","ping_status":"open","sticky":false,"template":"","format":"standard","meta":{"footnotes":""},"categories":[21],"tags":[],"class_list":["post-5092","post","type-post","status-publish","format-standard","hentry","category-rio-de-janeiro-rj"],"_links":{"self":[{"href":"https:\/\/vagas.portalemprego.com.br\/index.php?rest_route=\/wp\/v2\/posts\/5092","targetHints":{"allow":["GET"]}}],"collection":[{"href":"https:\/\/vagas.portalemprego.com.br\/index.php?rest_route=\/wp\/v2\/posts"}],"about":[{"href":"https:\/\/vagas.portalemprego.com.br\/index.php?rest_route=\/wp\/v2\/types\/post"}],"author":[{"embeddable":true,"href":"https:\/\/vagas.portalemprego.com.br\/index.php?rest_route=\/wp\/v2\/users\/1"}],"replies":[{"embeddable":true,"href":"https:\/\/vagas.portalemprego.com.br\/index.php?rest_route=%2Fwp%2Fv2%2Fcomments&post=5092"}],"version-history":[{"count":0,"href":"https:\/\/vagas.portalemprego.com.br\/index.php?rest_route=\/wp\/v2\/posts\/5092\/revisions"}],"wp:attachment":[{"href":"https:\/\/vagas.portalemprego.com.br\/index.php?rest_route=%2Fwp%2Fv2%2Fmedia&parent=5092"}],"wp:term":[{"taxonomy":"category","embeddable":true,"href":"https:\/\/vagas.portalemprego.com.br\/index.php?rest_route=%2Fwp%2Fv2%2Fcategories&post=5092"},{"taxonomy":"post_tag","embeddable":true,"href":"https:\/\/vagas.portalemprego.com.br\/index.php?rest_route=%2Fwp%2Fv2%2Ftags&post=5092"}],"curies":[{"name":"wp","href":"https:\/\/api.w.org\/{rel}","templated":true}]}}