{"id":5094,"date":"2026-04-29T06:23:23","date_gmt":"2026-04-29T09:23:23","guid":{"rendered":"https:\/\/vagas.portalemprego.com.br\/?p=5094"},"modified":"2026-04-29T06:23:23","modified_gmt":"2026-04-29T09:23:23","slug":"vendedora-loja-comercial-vendas-rio-de-janeiro","status":"publish","type":"post","link":"https:\/\/vagas.portalemprego.com.br\/?p=5094","title":{"rendered":"Vendedora Loja &#8211; Comercial, Vendas &#8211; Rio de Janeiro"},"content":{"rendered":"<p>Estamos em busca de uma Vendedora de Loja para atuar no atendimento presencial, garantindo uma experi\u00eancia acolhedora, personalizada e \u00e1gil aos nossos clientes. Procuramos uma profissional comunicativa, organizada e comprometida com resultados, contribuindo diretamente para a excel\u00eancia do atendimento e da opera\u00e7\u00e3o da loja.<\/p>\n<p>Local de trabalho: Barra da Tijuca ou Ipanema.<\/p>\n<p>Responsabilidades:<br \/>\n\u2022 Atender clientes de forma cordial e personalizada.<br \/>\n \u2022 Apresentar produtos e orientar sobre caracter\u00edsticas e benef\u00edcios.<br \/>\n \u2022 Realizar vendas, fechamento de caixa e p\u00f3s-venda.<br \/>\n \u2022 Apoiar na organiza\u00e7\u00e3o da loja e reposi\u00e7\u00e3o de produtos.<br \/>\n \u2022 Trabalhar com metas e indicadores de desempenho.<\/p>\n<p>Requisitos:<br \/>\n\u2022 Ensino M\u00e9dio completo.<br \/>\n \u2022 Facilidade de comunica\u00e7\u00e3o e relacionamento.<br \/>\n \u2022 Organiza\u00e7\u00e3o, proatividade e foco em resultados.<br \/>\n \u2022 Desej\u00e1vel experi\u00eancia com vendas ou atendimento na \u00e1rea de cosm\u00e9ticos, beleza ou suplementa\u00e7\u00e3o \u00e9 um diferencial.<\/p>\n<p>Hor\u00e1rio de trabalho:<br \/>\n\u2022 Segunda a sexta-feira, de 09h \u00e0s 19h.<br \/>\n \u2022 S\u00e1bados intercalados (ap\u00f3s os primeiros 3 meses), de 09h \u00e0s 13h.<\/p>\n<p>Oferecemos:<br \/>\n\u2022 Vale Transporte.<br \/>\n \u2022 Vale Refei\u00e7\u00e3o.<br \/>\n \u2022 Premia\u00e7\u00e3o por metas.<br \/>\n \u2022 Ambiente estruturado e orientado ao atendimento de excel\u00eancia.<br \/>\n\u2022 Plano Dental.<br \/>\n\u2022 Gympass.<\/p>\n<ul>\n<li>N\u00famero de vagas: 2<\/li>\n<li>Local de trabalho: Rio de Janeiro, RJ<\/li>\n<li>Regime de contrata\u00e7\u00e3o de tipo: Efetivo \u2013 CLT<\/li>\n<li>Jornada: Per\u00edodo Integral<\/li>\n<li>\u00c1rea e especializa\u00e7\u00e3o profissional: Comercial, Vendas &#8211; Venda Externa<\/li>\n<li>N\u00edvel hier\u00e1rquico: Operacional<\/li>\n<\/ul>\n<p>VALORIZADO<\/p>\n<p>Tempo de experi\u00eancia: Entre 1 e 3 anos<\/p>\n<p>Escolaridade M\u00ednima: Ensino Superior<\/p>\n<ul>\n<li>Gympass<\/li>\n<li>Vale-alimenta\u00e7\u00e3o<\/li>\n<li>Plano Dental<\/li>\n<li>Telemedicina<\/li>\n<li>Vale-refei\u00e7\u00e3o<\/li>\n<\/ul>\n","protected":false},"excerpt":{"rendered":"<p>Estamos em busca de uma Vendedora de Loja para atuar no atendimento presencial, garantindo uma experi\u00eancia acolhedora, personalizada e \u00e1gil aos nossos clientes. Procuramos uma profissional comunicativa, organizada e comprometida com resultados, contribuindo diretamente para a excel\u00eancia do atendimento e da opera\u00e7\u00e3o da loja. Local de trabalho: Barra da Tijuca ou Ipanema. Responsabilidades: \u2022 Atender [&hellip;]<\/p>\n","protected":false},"author":1,"featured_media":0,"comment_status":"open","ping_status":"open","sticky":false,"template":"","format":"standard","meta":{"footnotes":""},"categories":[21],"tags":[],"class_list":["post-5094","post","type-post","status-publish","format-standard","hentry","category-rio-de-janeiro-rj"],"_links":{"self":[{"href":"https:\/\/vagas.portalemprego.com.br\/index.php?rest_route=\/wp\/v2\/posts\/5094","targetHints":{"allow":["GET"]}}],"collection":[{"href":"https:\/\/vagas.portalemprego.com.br\/index.php?rest_route=\/wp\/v2\/posts"}],"about":[{"href":"https:\/\/vagas.portalemprego.com.br\/index.php?rest_route=\/wp\/v2\/types\/post"}],"author":[{"embeddable":true,"href":"https:\/\/vagas.portalemprego.com.br\/index.php?rest_route=\/wp\/v2\/users\/1"}],"replies":[{"embeddable":true,"href":"https:\/\/vagas.portalemprego.com.br\/index.php?rest_route=%2Fwp%2Fv2%2Fcomments&post=5094"}],"version-history":[{"count":0,"href":"https:\/\/vagas.portalemprego.com.br\/index.php?rest_route=\/wp\/v2\/posts\/5094\/revisions"}],"wp:attachment":[{"href":"https:\/\/vagas.portalemprego.com.br\/index.php?rest_route=%2Fwp%2Fv2%2Fmedia&parent=5094"}],"wp:term":[{"taxonomy":"category","embeddable":true,"href":"https:\/\/vagas.portalemprego.com.br\/index.php?rest_route=%2Fwp%2Fv2%2Fcategories&post=5094"},{"taxonomy":"post_tag","embeddable":true,"href":"https:\/\/vagas.portalemprego.com.br\/index.php?rest_route=%2Fwp%2Fv2%2Ftags&post=5094"}],"curies":[{"name":"wp","href":"https:\/\/api.w.org\/{rel}","templated":true}]}}