{"id":5097,"date":"2026-04-29T06:23:23","date_gmt":"2026-04-29T09:23:23","guid":{"rendered":"https:\/\/vagas.portalemprego.com.br\/?p=5097"},"modified":"2026-04-29T06:23:23","modified_gmt":"2026-04-29T09:23:23","slug":"gerente-comercial-comercial-vendas-niteroi","status":"publish","type":"post","link":"https:\/\/vagas.portalemprego.com.br\/?p=5097","title":{"rendered":"Gerente Comercial &#8211; Comercial, Vendas &#8211; Niter\u00f3i"},"content":{"rendered":"<p>Estamos em busca de um Gestor Comercial din\u00e2mico e experiente para se juntar ao nosso time.Este cargo \u00e9 fundamental para o desenvolvimento e a execu\u00e7\u00e3o de estrat\u00e9gias de vendas que impulsionem o crescimento da empresa.O Gestor Comercial ser\u00e1 respons\u00e1vel por liderar equipes de vendas, desenvolver planos de neg\u00f3cios, e garantir a atingimento das metas de vendas estabelecidas.<br \/>\nVoc\u00ea ser\u00e1 o respons\u00e1vel por identificar novas oportunidades de neg\u00f3cios, negociar com clientes e gerenciar relacionamentos estrat\u00e9gicos.Sua capacidade de an\u00e1lise de mercado e de identifica\u00e7\u00e3o de tend\u00eancias ser\u00e1 crucial para o sucesso da equipe.Al\u00e9m disso, dever\u00e1 supervisionar o desempenho da equipe de vendas, fornecer treinamento e suporte, e garantir a implementa\u00e7\u00e3o de processos de vendas eficientes.<br \/>\nExperi\u00eancia em gest\u00e3o de equipes de vendas, desenvolvimento de estrat\u00e9gias de neg\u00f3cios e gest\u00e3o de relacionamentos com clientes \u00e9 essencial.O candidato ideal deve possuir habilidades de lideran\u00e7a comprovadas, excelente capacidade de comunica\u00e7\u00e3o e negocia\u00e7\u00e3o, e uma forte orienta\u00e7\u00e3o para resultados.<br \/>\nVoc\u00ea deve ter uma compreensidade profunda do mercado e das din\u00e2micas de vendas, al\u00e9m de uma mentalidade inovadora e proativa.Buscamos algu\u00e9m que n\u00e3o apenas atenda \u00e0s metas, mas que supere as expectativas e impulsione o crescimento da empresa.<br \/>\nSe voc\u00ea \u00e9 um profissional ambicioso, com um hist\u00f3rico de sucesso em gest\u00e3o comercial, esta oportunidade \u00e9 para voc\u00ea.Junte-se a n\u00f3s e fa\u00e7a parte de uma equipe que valoriza o desempenho e a inova\u00e7\u00e3o.<\/p>\n<ul>\n<li>Local de trabalho: Niter\u00f3i, RJ<\/li>\n<li>Regime de contrata\u00e7\u00e3o de tipo: Prestador de Servi\u00e7os (PJ)<\/li>\n<li>Jornada: Per\u00edodo Integral<\/li>\n<li>\u00c1rea e especializa\u00e7\u00e3o profissional: Comercial, Vendas &#8211; Venda Externa<\/li>\n<li>N\u00edvel hier\u00e1rquico: Gerente<\/li>\n<\/ul>\n<p>VALORIZADO<\/p>\n<p>Tempo de experi\u00eancia: Entre 1 e 3 anos<\/p>\n<p>HABILIDADES<\/p>\n<ul>\n<li>Microsoft Excel<\/li>\n<\/ul>\n<p>Escolaridade M\u00ednima: Ensino Superior<\/p>\n<ul>\n<li>Celular Corporativo<\/li>\n<\/ul>\n<p>Sal\u00e1rio: 15000,0<\/p>\n","protected":false},"excerpt":{"rendered":"<p>Estamos em busca de um Gestor Comercial din\u00e2mico e experiente para se juntar ao nosso time.Este cargo \u00e9 fundamental para o desenvolvimento e a execu\u00e7\u00e3o de estrat\u00e9gias de vendas que impulsionem o crescimento da empresa.O Gestor Comercial ser\u00e1 respons\u00e1vel por liderar equipes de vendas, desenvolver planos de neg\u00f3cios, e garantir a atingimento das metas de [&hellip;]<\/p>\n","protected":false},"author":1,"featured_media":0,"comment_status":"open","ping_status":"open","sticky":false,"template":"","format":"standard","meta":{"footnotes":""},"categories":[21],"tags":[],"class_list":["post-5097","post","type-post","status-publish","format-standard","hentry","category-rio-de-janeiro-rj"],"_links":{"self":[{"href":"https:\/\/vagas.portalemprego.com.br\/index.php?rest_route=\/wp\/v2\/posts\/5097","targetHints":{"allow":["GET"]}}],"collection":[{"href":"https:\/\/vagas.portalemprego.com.br\/index.php?rest_route=\/wp\/v2\/posts"}],"about":[{"href":"https:\/\/vagas.portalemprego.com.br\/index.php?rest_route=\/wp\/v2\/types\/post"}],"author":[{"embeddable":true,"href":"https:\/\/vagas.portalemprego.com.br\/index.php?rest_route=\/wp\/v2\/users\/1"}],"replies":[{"embeddable":true,"href":"https:\/\/vagas.portalemprego.com.br\/index.php?rest_route=%2Fwp%2Fv2%2Fcomments&post=5097"}],"version-history":[{"count":0,"href":"https:\/\/vagas.portalemprego.com.br\/index.php?rest_route=\/wp\/v2\/posts\/5097\/revisions"}],"wp:attachment":[{"href":"https:\/\/vagas.portalemprego.com.br\/index.php?rest_route=%2Fwp%2Fv2%2Fmedia&parent=5097"}],"wp:term":[{"taxonomy":"category","embeddable":true,"href":"https:\/\/vagas.portalemprego.com.br\/index.php?rest_route=%2Fwp%2Fv2%2Fcategories&post=5097"},{"taxonomy":"post_tag","embeddable":true,"href":"https:\/\/vagas.portalemprego.com.br\/index.php?rest_route=%2Fwp%2Fv2%2Ftags&post=5097"}],"curies":[{"name":"wp","href":"https:\/\/api.w.org\/{rel}","templated":true}]}}