{"id":5099,"date":"2026-04-29T06:23:23","date_gmt":"2026-04-29T09:23:23","guid":{"rendered":"https:\/\/vagas.portalemprego.com.br\/?p=5099"},"modified":"2026-04-29T06:23:23","modified_gmt":"2026-04-29T09:23:23","slug":"analista-comercial-sr-comercial-vendas-rio-de-janeiro","status":"publish","type":"post","link":"https:\/\/vagas.portalemprego.com.br\/?p=5099","title":{"rendered":"Analista Comercial Sr &#8211; Comercial, Vendas &#8211; Rio de Janeiro"},"content":{"rendered":"<p>Varejo no segmento de cal\u00e7ados contrata: Analista Comercial Sr.<\/p>\n<p>Principais responsabilidades:<br \/>\n&#8211; Acompanhamento do Sell In e Sell Out por canal de venda, performance de produto e seus indicadores comerciais (cobertura, giro, markup, PVM, TKM, entre outros);<br \/>\n&#8211; Constru\u00e7\u00e3o da meta mensal e do or\u00e7amento anual de Sell Out, Sell In e seus indicadores por canal;<br \/>\n&#8211; Constru\u00e7\u00e3o do Planejamento de Compra por loja (OTB \/ Plano de Compras);<br \/>\n&#8211; Monitorar os n\u00edveis de estoque, cobertura e giro, evitando rupturas ou excesso de produtos;<br \/>\n&#8211; Constru\u00e7\u00e3o do Mapa de Sortimento por Cole\u00e7\u00e3o;<br \/>\n&#8211; Desenvolvimento de proje\u00e7\u00f5es comerciais de demanda;<br \/>\n&#8211; Interface com outras \u00e1reas da empresa e franqueados.<\/p>\n<p>Requisitos:<br \/>\n&#8211; Conhecimento avan\u00e7ado do pacote Office (principalmente Excel), desej\u00e1vel conhecimento em VBA e Power BI;<br \/>\n&#8211; Conhecimento em planejamento comercial e gest\u00e3o de estoque (OTB);<br \/>\n&#8211; Capacidade de modelagem preditiva e proje\u00e7\u00f5es financeiras;<br \/>\n&#8211; Habilidade em an\u00e1lise de performance de produtos e categorias (Mapa de Sortimento);<br \/>\n&#8211; Conhecimento do varejo de moda.<\/p>\n<p>Local de trabalho: Rua Teixeira de Freitas, 31 &#8211; Centro (Lapa) RJ<br \/>\nRegime: h\u00edbrido. 4 dias presenciais e 1 dia de home office (segunda).<\/p>\n<p>Sal\u00e1rio: CLT R$7k\/8k<br \/>\nBenef\u00edcios oferecidos:<br \/>\nVR\/VA 270,00 m\u00eas, VT, Desconto de 50% em produtos da marca, Day off de anivers\u00e1rio, Voucher de R$300,00 no m\u00eas do anivers\u00e1rio, Desconto 50% em curso de ingl\u00eas\/espanhol.<\/p>\n<ul>\n<li>Local de trabalho: Rio de Janeiro, RJ<\/li>\n<li>Regime de contrata\u00e7\u00e3o de tipo: Efetivo \u2013 CLT<\/li>\n<li>Jornada: Per\u00edodo Integral<\/li>\n<li>\u00c1rea e especializa\u00e7\u00e3o profissional: Comercial, Vendas &#8211; Representa\u00e7\u00e3o Comercial<\/li>\n<li>N\u00edvel hier\u00e1rquico: Analista<\/li>\n<\/ul>\n<p>Escolaridade M\u00ednima: Ensino M\u00e9dio (2\u00ba Grau)<\/p>\n<p>Sal\u00e1rio: 8000,0<\/p>\n","protected":false},"excerpt":{"rendered":"<p>Varejo no segmento de cal\u00e7ados contrata: Analista Comercial Sr. Principais responsabilidades: &#8211; Acompanhamento do Sell In e Sell Out por canal de venda, performance de produto e seus indicadores comerciais (cobertura, giro, markup, PVM, TKM, entre outros); &#8211; Constru\u00e7\u00e3o da meta mensal e do or\u00e7amento anual de Sell Out, Sell In e seus indicadores por [&hellip;]<\/p>\n","protected":false},"author":1,"featured_media":0,"comment_status":"open","ping_status":"open","sticky":false,"template":"","format":"standard","meta":{"footnotes":""},"categories":[21],"tags":[],"class_list":["post-5099","post","type-post","status-publish","format-standard","hentry","category-rio-de-janeiro-rj"],"_links":{"self":[{"href":"https:\/\/vagas.portalemprego.com.br\/index.php?rest_route=\/wp\/v2\/posts\/5099","targetHints":{"allow":["GET"]}}],"collection":[{"href":"https:\/\/vagas.portalemprego.com.br\/index.php?rest_route=\/wp\/v2\/posts"}],"about":[{"href":"https:\/\/vagas.portalemprego.com.br\/index.php?rest_route=\/wp\/v2\/types\/post"}],"author":[{"embeddable":true,"href":"https:\/\/vagas.portalemprego.com.br\/index.php?rest_route=\/wp\/v2\/users\/1"}],"replies":[{"embeddable":true,"href":"https:\/\/vagas.portalemprego.com.br\/index.php?rest_route=%2Fwp%2Fv2%2Fcomments&post=5099"}],"version-history":[{"count":0,"href":"https:\/\/vagas.portalemprego.com.br\/index.php?rest_route=\/wp\/v2\/posts\/5099\/revisions"}],"wp:attachment":[{"href":"https:\/\/vagas.portalemprego.com.br\/index.php?rest_route=%2Fwp%2Fv2%2Fmedia&parent=5099"}],"wp:term":[{"taxonomy":"category","embeddable":true,"href":"https:\/\/vagas.portalemprego.com.br\/index.php?rest_route=%2Fwp%2Fv2%2Fcategories&post=5099"},{"taxonomy":"post_tag","embeddable":true,"href":"https:\/\/vagas.portalemprego.com.br\/index.php?rest_route=%2Fwp%2Fv2%2Ftags&post=5099"}],"curies":[{"name":"wp","href":"https:\/\/api.w.org\/{rel}","templated":true}]}}