{"id":5101,"date":"2026-04-29T06:23:23","date_gmt":"2026-04-29T09:23:23","guid":{"rendered":"https:\/\/vagas.portalemprego.com.br\/?p=5101"},"modified":"2026-04-29T06:23:23","modified_gmt":"2026-04-29T09:23:23","slug":"caldeireiro-industrial-producao-fabrica-rio-de-janeiro","status":"publish","type":"post","link":"https:\/\/vagas.portalemprego.com.br\/?p=5101","title":{"rendered":"Caldeireiro &#8211; Industrial, Produ\u00e7\u00e3o, F\u00e1brica &#8211; Rio de Janeiro"},"content":{"rendered":"<p>Pr\u00e9-Requisitos:<\/p>\n<p>Ensino Fundamental Completo<br \/>\nExperi\u00eancia com soldagem e ma\u00e7arico para corte e dobra.<br \/>\nExperi\u00eancia como Caldeireiro em comprovada em carteira.<\/p>\n<p>Atividades:<br \/>\nConfeccionar, reparar e instalar pe\u00e7as e elementos diversos em chapas de metal. Fabricam ou reparam caldeiras<br \/>\nUtiliza\u00e7\u00e3o de solda Mig e Ma\u00e7arico para corte.<\/p>\n<p>Local de Trabalho: Bonsucesso<br \/>\nHor\u00e1rio: 07:30 \u00e0s 17:33 De segunda \u00e0 sexta<\/p>\n<p>Empresa Oferece:<br \/>\nSal\u00e1rio: \u00c0 combinar<br \/>\nBenef\u00edcios: Refei\u00e7\u00e3o no Local + VT + Plano de Sa\u00fade e Odontol\u00f3gico (ap\u00f3s per\u00edodo de experi\u00eancia com desconto mensal e coparticipa\u00e7\u00e3o), Aux\u00edlio funeral e seguro de vida.<\/p>\n<ul>\n<li>N\u00famero de vagas: 4<\/li>\n<li>Local de trabalho: Rio de Janeiro, RJ<\/li>\n<li>Regime de contrata\u00e7\u00e3o de tipo: Efetivo \u2013 CLT<\/li>\n<li>Jornada: Per\u00edodo Integral<\/li>\n<li>\u00c1rea e especializa\u00e7\u00e3o profissional: Industrial, Produ\u00e7\u00e3o, F\u00e1brica &#8211; Caldeiraria<\/li>\n<li>N\u00edvel hier\u00e1rquico: Operacional<\/li>\n<\/ul>\n<p>VALORIZADO<\/p>\n<p>Tempo de experi\u00eancia: Entre 1 e 3 anos<\/p>\n<p>Escolaridade M\u00ednima: Ensino M\u00e9dio (2\u00ba Grau)<\/p>\n","protected":false},"excerpt":{"rendered":"<p>Pr\u00e9-Requisitos: Ensino Fundamental Completo Experi\u00eancia com soldagem e ma\u00e7arico para corte e dobra. Experi\u00eancia como Caldeireiro em comprovada em carteira. Atividades: Confeccionar, reparar e instalar pe\u00e7as e elementos diversos em chapas de metal. Fabricam ou reparam caldeiras Utiliza\u00e7\u00e3o de solda Mig e Ma\u00e7arico para corte. Local de Trabalho: Bonsucesso Hor\u00e1rio: 07:30 \u00e0s 17:33 De segunda [&hellip;]<\/p>\n","protected":false},"author":1,"featured_media":0,"comment_status":"open","ping_status":"open","sticky":false,"template":"","format":"standard","meta":{"footnotes":""},"categories":[21],"tags":[],"class_list":["post-5101","post","type-post","status-publish","format-standard","hentry","category-rio-de-janeiro-rj"],"_links":{"self":[{"href":"https:\/\/vagas.portalemprego.com.br\/index.php?rest_route=\/wp\/v2\/posts\/5101","targetHints":{"allow":["GET"]}}],"collection":[{"href":"https:\/\/vagas.portalemprego.com.br\/index.php?rest_route=\/wp\/v2\/posts"}],"about":[{"href":"https:\/\/vagas.portalemprego.com.br\/index.php?rest_route=\/wp\/v2\/types\/post"}],"author":[{"embeddable":true,"href":"https:\/\/vagas.portalemprego.com.br\/index.php?rest_route=\/wp\/v2\/users\/1"}],"replies":[{"embeddable":true,"href":"https:\/\/vagas.portalemprego.com.br\/index.php?rest_route=%2Fwp%2Fv2%2Fcomments&post=5101"}],"version-history":[{"count":0,"href":"https:\/\/vagas.portalemprego.com.br\/index.php?rest_route=\/wp\/v2\/posts\/5101\/revisions"}],"wp:attachment":[{"href":"https:\/\/vagas.portalemprego.com.br\/index.php?rest_route=%2Fwp%2Fv2%2Fmedia&parent=5101"}],"wp:term":[{"taxonomy":"category","embeddable":true,"href":"https:\/\/vagas.portalemprego.com.br\/index.php?rest_route=%2Fwp%2Fv2%2Fcategories&post=5101"},{"taxonomy":"post_tag","embeddable":true,"href":"https:\/\/vagas.portalemprego.com.br\/index.php?rest_route=%2Fwp%2Fv2%2Ftags&post=5101"}],"curies":[{"name":"wp","href":"https:\/\/api.w.org\/{rel}","templated":true}]}}