{"id":5102,"date":"2026-04-29T06:23:23","date_gmt":"2026-04-29T09:23:23","guid":{"rendered":"https:\/\/vagas.portalemprego.com.br\/?p=5102"},"modified":"2026-04-29T06:23:23","modified_gmt":"2026-04-29T09:23:23","slug":"vidraceiro-construcao-manutencao-rio-de-janeiro-5","status":"publish","type":"post","link":"https:\/\/vagas.portalemprego.com.br\/?p=5102","title":{"rendered":"Vidraceiro &#8211; Constru\u00e7\u00e3o, Manuten\u00e7\u00e3o &#8211; Rio de Janeiro"},"content":{"rendered":"<p>Pr\u00e9-Requisitos:<\/p>\n<p>Ensino Fundamental Completo;<br \/>\nExperi\u00eancia comprovada na \u00e1rea.<\/p>\n<p>Atividades:<br \/>\n&#8211; Instala\u00e7\u00e3o de vidros, corte de vidros com o diamante manual , manuten\u00e7\u00e3o e reparos, limpeza e acabamento com a politriz ou lixa de m\u00e3o para painel de meio vidro, painel de vidro inteiro, janelas com grades e basculantes.<br \/>\n&#8211; Seguir as normas de seguran\u00e7a do trabalho. <\/p>\n<p>Local de Trabalho: Manguinhos &#8211; RJ<br \/>\nHor\u00e1rio: 07:30 \u00e0s 17:30 <\/p>\n<p>Empresa Oferece:<br \/>\nSal\u00e1rio:  \u00c0 combinar<br \/>\nBenef\u00edcios: VT + Refei\u00e7\u00e3o no local + seguro de vida + aux\u00edlio funeral + ap\u00f3s 3 meses de experi\u00eancia plano de sa\u00fade (com desconto mensal + co-participa\u00e7\u00e3o) + plano odontol\u00f3gico (desconto mensal)<\/p>\n<ul>\n<li>Local de trabalho: Rio de Janeiro, RJ<\/li>\n<li>Regime de contrata\u00e7\u00e3o de tipo: Efetivo \u2013 CLT<\/li>\n<li>Jornada: Per\u00edodo Integral<\/li>\n<li>\u00c1rea e especializa\u00e7\u00e3o profissional: Constru\u00e7\u00e3o, Manuten\u00e7\u00e3o &#8211; Instala\u00e7\u00f5es em Geral<\/li>\n<li>N\u00edvel hier\u00e1rquico: Operacional<\/li>\n<\/ul>\n<p>VALORIZADO<\/p>\n<p>Tempo de experi\u00eancia: Entre 1 e 3 anos<\/p>\n<p>Escolaridade M\u00ednima: Ensino Fundamental (1\u00ba grau)<\/p>\n<ul>\n<li>Aux\u00edlio funeral<\/li>\n<li>Seguro de Vida<\/li>\n<li>Assist\u00eancia odontol\u00f3gica<\/li>\n<li>Vale-transporte<\/li>\n<li>Refei\u00e7\u00e3o no local<\/li>\n<li>Assist\u00eancia m\u00e9dica<\/li>\n<\/ul>\n","protected":false},"excerpt":{"rendered":"<p>Pr\u00e9-Requisitos: Ensino Fundamental Completo; Experi\u00eancia comprovada na \u00e1rea. Atividades: &#8211; Instala\u00e7\u00e3o de vidros, corte de vidros com o diamante manual , manuten\u00e7\u00e3o e reparos, limpeza e acabamento com a politriz ou lixa de m\u00e3o para painel de meio vidro, painel de vidro inteiro, janelas com grades e basculantes. &#8211; Seguir as normas de seguran\u00e7a do [&hellip;]<\/p>\n","protected":false},"author":1,"featured_media":0,"comment_status":"open","ping_status":"open","sticky":false,"template":"","format":"standard","meta":{"footnotes":""},"categories":[21],"tags":[],"class_list":["post-5102","post","type-post","status-publish","format-standard","hentry","category-rio-de-janeiro-rj"],"_links":{"self":[{"href":"https:\/\/vagas.portalemprego.com.br\/index.php?rest_route=\/wp\/v2\/posts\/5102","targetHints":{"allow":["GET"]}}],"collection":[{"href":"https:\/\/vagas.portalemprego.com.br\/index.php?rest_route=\/wp\/v2\/posts"}],"about":[{"href":"https:\/\/vagas.portalemprego.com.br\/index.php?rest_route=\/wp\/v2\/types\/post"}],"author":[{"embeddable":true,"href":"https:\/\/vagas.portalemprego.com.br\/index.php?rest_route=\/wp\/v2\/users\/1"}],"replies":[{"embeddable":true,"href":"https:\/\/vagas.portalemprego.com.br\/index.php?rest_route=%2Fwp%2Fv2%2Fcomments&post=5102"}],"version-history":[{"count":0,"href":"https:\/\/vagas.portalemprego.com.br\/index.php?rest_route=\/wp\/v2\/posts\/5102\/revisions"}],"wp:attachment":[{"href":"https:\/\/vagas.portalemprego.com.br\/index.php?rest_route=%2Fwp%2Fv2%2Fmedia&parent=5102"}],"wp:term":[{"taxonomy":"category","embeddable":true,"href":"https:\/\/vagas.portalemprego.com.br\/index.php?rest_route=%2Fwp%2Fv2%2Fcategories&post=5102"},{"taxonomy":"post_tag","embeddable":true,"href":"https:\/\/vagas.portalemprego.com.br\/index.php?rest_route=%2Fwp%2Fv2%2Ftags&post=5102"}],"curies":[{"name":"wp","href":"https:\/\/api.w.org\/{rel}","templated":true}]}}