{"id":5103,"date":"2026-04-29T06:23:23","date_gmt":"2026-04-29T09:23:23","guid":{"rendered":"https:\/\/vagas.portalemprego.com.br\/?p=5103"},"modified":"2026-04-29T06:23:23","modified_gmt":"2026-04-29T09:23:23","slug":"bombeiro-hidraulico-construcao-manutencao-rio-de-janeiro-3","status":"publish","type":"post","link":"https:\/\/vagas.portalemprego.com.br\/?p=5103","title":{"rendered":"Bombeiro Hidr\u00e1ulico &#8211; Constru\u00e7\u00e3o, Manuten\u00e7\u00e3o &#8211; Rio de Janeiro"},"content":{"rendered":"<p>Pr\u00e9-Requisitos:<br \/>\nEnsino fundamental<br \/>\nExperi\u00eancia comprovada na \u00e1rea.<br \/>\nSer oriundo de constru\u00e7\u00e3o civil<br \/>\nCurso de Hidr\u00e1ulica<\/p>\n<p>Atividades:<br \/>\nRespons\u00e1vel por executar servi\u00e7os na parte hidr\u00e1ulica; confec\u00e7\u00e3o de gabaritos; Aux\u00edlio na coloca\u00e7\u00e3o de pisos de cer\u00e2mica<\/p>\n<p>Local de Trabalho: Manguinhos &#8211; RJ<br \/>\nA empresa oferece:<br \/>\nSal\u00e1rio: a combinar<br \/>\nHor\u00e1rio: 07:30 \u00e0s 17:30 segunda \u00e0 sexta<br \/>\nBenef\u00edcios: VT + Refei\u00e7\u00e3o no Local + cesta b\u00e1sica + Plano de sa\u00fade + Plano odontol\u00f3gico (ap\u00f3s per\u00edodo de experi\u00eancia) + Auxilio funeral e Seguro de vida<\/p>\n<ul>\n<li>N\u00famero de vagas: 2<\/li>\n<li>Local de trabalho: Rio de Janeiro, RJ<\/li>\n<li>Regime de contrata\u00e7\u00e3o de tipo: Efetivo \u2013 CLT<\/li>\n<li>Jornada: Per\u00edodo Integral<\/li>\n<li>\u00c1rea e especializa\u00e7\u00e3o profissional: Constru\u00e7\u00e3o, Manuten\u00e7\u00e3o &#8211; Manuten\u00e7\u00e3o Hidr\u00e1ulica \/ Bombeiro<\/li>\n<li>N\u00edvel hier\u00e1rquico: Operacional<\/li>\n<\/ul>\n<p>VALORIZADO<\/p>\n<p>Tempo de experi\u00eancia: Entre 3 e 5 anos<\/p>\n<p>Escolaridade M\u00ednima: Ensino M\u00e9dio (2\u00ba Grau)<\/p>\n<ul>\n<li>Seguro de Vida<\/li>\n<li>Refei\u00e7\u00e3o no local<\/li>\n<li>Vale-transporte<\/li>\n<li>Assist\u00eancia odontol\u00f3gica<\/li>\n<li>Assist\u00eancia m\u00e9dica<\/li>\n<\/ul>\n","protected":false},"excerpt":{"rendered":"<p>Pr\u00e9-Requisitos: Ensino fundamental Experi\u00eancia comprovada na \u00e1rea. Ser oriundo de constru\u00e7\u00e3o civil Curso de Hidr\u00e1ulica Atividades: Respons\u00e1vel por executar servi\u00e7os na parte hidr\u00e1ulica; confec\u00e7\u00e3o de gabaritos; Aux\u00edlio na coloca\u00e7\u00e3o de pisos de cer\u00e2mica Local de Trabalho: Manguinhos &#8211; RJ A empresa oferece: Sal\u00e1rio: a combinar Hor\u00e1rio: 07:30 \u00e0s 17:30 segunda \u00e0 sexta Benef\u00edcios: VT + [&hellip;]<\/p>\n","protected":false},"author":1,"featured_media":0,"comment_status":"open","ping_status":"open","sticky":false,"template":"","format":"standard","meta":{"footnotes":""},"categories":[21],"tags":[],"class_list":["post-5103","post","type-post","status-publish","format-standard","hentry","category-rio-de-janeiro-rj"],"_links":{"self":[{"href":"https:\/\/vagas.portalemprego.com.br\/index.php?rest_route=\/wp\/v2\/posts\/5103","targetHints":{"allow":["GET"]}}],"collection":[{"href":"https:\/\/vagas.portalemprego.com.br\/index.php?rest_route=\/wp\/v2\/posts"}],"about":[{"href":"https:\/\/vagas.portalemprego.com.br\/index.php?rest_route=\/wp\/v2\/types\/post"}],"author":[{"embeddable":true,"href":"https:\/\/vagas.portalemprego.com.br\/index.php?rest_route=\/wp\/v2\/users\/1"}],"replies":[{"embeddable":true,"href":"https:\/\/vagas.portalemprego.com.br\/index.php?rest_route=%2Fwp%2Fv2%2Fcomments&post=5103"}],"version-history":[{"count":0,"href":"https:\/\/vagas.portalemprego.com.br\/index.php?rest_route=\/wp\/v2\/posts\/5103\/revisions"}],"wp:attachment":[{"href":"https:\/\/vagas.portalemprego.com.br\/index.php?rest_route=%2Fwp%2Fv2%2Fmedia&parent=5103"}],"wp:term":[{"taxonomy":"category","embeddable":true,"href":"https:\/\/vagas.portalemprego.com.br\/index.php?rest_route=%2Fwp%2Fv2%2Fcategories&post=5103"},{"taxonomy":"post_tag","embeddable":true,"href":"https:\/\/vagas.portalemprego.com.br\/index.php?rest_route=%2Fwp%2Fv2%2Ftags&post=5103"}],"curies":[{"name":"wp","href":"https:\/\/api.w.org\/{rel}","templated":true}]}}