{"id":5105,"date":"2026-04-29T06:23:23","date_gmt":"2026-04-29T09:23:23","guid":{"rendered":"https:\/\/vagas.portalemprego.com.br\/?p=5105"},"modified":"2026-04-29T06:23:23","modified_gmt":"2026-04-29T09:23:23","slug":"gerente-principal-habibs-sao-goncalo-rj-alimentacao-gastronomia-sao-goncalo","status":"publish","type":"post","link":"https:\/\/vagas.portalemprego.com.br\/?p=5105","title":{"rendered":"Gerente Principal Habib&#8217;s &#8211; S\u00e3o Gon\u00e7alo &#8211; RJ &#8211; Alimenta\u00e7\u00e3o \/ Gastronomia &#8211; S\u00e3o Gon\u00e7alo"},"content":{"rendered":"<p>Prazer, somos o maior grupo de food service genuinamente brasileiro.<br \/>\nNos conectamos com as pessoas por meio das comidas e hist\u00f3rias vividas \u00e0 mesa. H\u00e1 mais de 40 anos, levamos sabor e qualidade a pre\u00e7os realmente acess\u00edveis, sempre com foco em inovar e expandir a nossa atua\u00e7\u00e3o no mercado.<\/p>\n<p>Voc\u00ea \u00e9 uma pessoa com vis\u00e3o de neg\u00f3cio, habilidade em liderar equipes, foco em resultado e quer crescer em um ambiente din\u00e2mico e desafiador?<\/p>\n<p>Ent\u00e3o vem com a gente!<\/p>\n<p>O que voc\u00ea vai fazer como Gerente Principal:<br \/>\nSer o(a) respons\u00e1vel geral pela gest\u00e3o da unidade, liderando todas as \u00e1reas: sal\u00e3o, cozinha, delivery, atendimento e administrativo;<br \/>\nGarantir a excel\u00eancia na opera\u00e7\u00e3o, assegurando o cumprimento dos padr\u00f5es de qualidade, seguran\u00e7a alimentar e atendimento ao cliente;<br \/>\nGerenciar e desenvolver a equipe de l\u00edderes e operacionais, promovendo um ambiente colaborativo e de alto desempenho;<br \/>\nControlar indicadores operacionais, financeiros e de pessoas, com foco em metas, produtividade e rentabilidade da unidade;<br \/>\nAtuar diretamente na gest\u00e3o de estoque, compras, invent\u00e1rio e preven\u00e7\u00e3o de perdas;<br \/>\nImplementar a\u00e7\u00f5es de melhoria cont\u00ednua, campanhas comerciais e estrat\u00e9gias para alavancar resultados.<\/p>\n<p>O que voc\u00ea precisa ter:<br \/>\nEnsino M\u00e9dio Completo (Superior ser\u00e1 um diferencial);<br \/>\nS\u00f3lida experi\u00eancia anterior em gest\u00e3o de restaurantes ou opera\u00e7\u00f5es de varejo de grande volume;<br \/>\nForte capacidade de lideran\u00e7a, tomada de decis\u00e3o, vis\u00e3o anal\u00edtica e foco em resultados;<br \/>\nDisponibilidade total de hor\u00e1rios e flexibilidade para atuar em diferentes turnos, incluindo finais de semana e feriados;<br \/>\nPerfil proativo, comunicativo e com alto senso de responsabilidade e dono(a) do neg\u00f3cio.<\/p>\n<p>Ganhos:<br \/>\nSal\u00e1rio compat\u00edvel com o mercado + Premia\u00e7\u00e3o por Resultado;<br \/>\nVale Transporte + Refei\u00e7\u00e3o no local;<br \/>\nOportunidades reais de crescimento dentro do Grupo Habib\u2019s.<\/p>\n<p>Se voc\u00ea \u00e9 movido(a) por desafios, gosta de liderar times e busca um ambiente onde possa crescer junto com a empresa, essa vaga \u00e9 pra voc\u00ea!<\/p>\n<ul>\n<li>Local de trabalho: S\u00e3o Gon\u00e7alo, RJ<\/li>\n<li>Regime de contrata\u00e7\u00e3o de tipo: Efetivo \u2013 CLT<\/li>\n<li>Jornada: Per\u00edodo Integral<\/li>\n<li>\u00c1rea e especializa\u00e7\u00e3o profissional: Alimenta\u00e7\u00e3o \/ Gastronomia &#8211; Lanchonete, Fast Food, Cafeteria<\/li>\n<li>N\u00edvel hier\u00e1rquico: Gerente<\/li>\n<\/ul>\n<p>VALORIZADO<\/p>\n<p>Tempo de experi\u00eancia: Entre 3 e 5 anos<\/p>\n<p>Escolaridade M\u00ednima: Ensino M\u00e9dio (2\u00ba Grau)<\/p>\n<ul>\n<li>Alimenta\u00e7\u00e3o no local<\/li>\n<li>Premia\u00e7\u00e3o por Resultados<\/li>\n<li>Vale transporte<\/li>\n<\/ul>\n","protected":false},"excerpt":{"rendered":"<p>Prazer, somos o maior grupo de food service genuinamente brasileiro. Nos conectamos com as pessoas por meio das comidas e hist\u00f3rias vividas \u00e0 mesa. H\u00e1 mais de 40 anos, levamos sabor e qualidade a pre\u00e7os realmente acess\u00edveis, sempre com foco em inovar e expandir a nossa atua\u00e7\u00e3o no mercado. Voc\u00ea \u00e9 uma pessoa com vis\u00e3o [&hellip;]<\/p>\n","protected":false},"author":1,"featured_media":0,"comment_status":"open","ping_status":"open","sticky":false,"template":"","format":"standard","meta":{"footnotes":""},"categories":[21],"tags":[],"class_list":["post-5105","post","type-post","status-publish","format-standard","hentry","category-rio-de-janeiro-rj"],"_links":{"self":[{"href":"https:\/\/vagas.portalemprego.com.br\/index.php?rest_route=\/wp\/v2\/posts\/5105","targetHints":{"allow":["GET"]}}],"collection":[{"href":"https:\/\/vagas.portalemprego.com.br\/index.php?rest_route=\/wp\/v2\/posts"}],"about":[{"href":"https:\/\/vagas.portalemprego.com.br\/index.php?rest_route=\/wp\/v2\/types\/post"}],"author":[{"embeddable":true,"href":"https:\/\/vagas.portalemprego.com.br\/index.php?rest_route=\/wp\/v2\/users\/1"}],"replies":[{"embeddable":true,"href":"https:\/\/vagas.portalemprego.com.br\/index.php?rest_route=%2Fwp%2Fv2%2Fcomments&post=5105"}],"version-history":[{"count":0,"href":"https:\/\/vagas.portalemprego.com.br\/index.php?rest_route=\/wp\/v2\/posts\/5105\/revisions"}],"wp:attachment":[{"href":"https:\/\/vagas.portalemprego.com.br\/index.php?rest_route=%2Fwp%2Fv2%2Fmedia&parent=5105"}],"wp:term":[{"taxonomy":"category","embeddable":true,"href":"https:\/\/vagas.portalemprego.com.br\/index.php?rest_route=%2Fwp%2Fv2%2Fcategories&post=5105"},{"taxonomy":"post_tag","embeddable":true,"href":"https:\/\/vagas.portalemprego.com.br\/index.php?rest_route=%2Fwp%2Fv2%2Ftags&post=5105"}],"curies":[{"name":"wp","href":"https:\/\/api.w.org\/{rel}","templated":true}]}}