{"id":5110,"date":"2026-04-29T06:24:24","date_gmt":"2026-04-29T09:24:24","guid":{"rendered":"https:\/\/vagas.portalemprego.com.br\/?p=5110"},"modified":"2026-04-29T06:24:24","modified_gmt":"2026-04-29T09:24:24","slug":"estagio-administrativo-administracao-teresopolis","status":"publish","type":"post","link":"https:\/\/vagas.portalemprego.com.br\/?p=5110","title":{"rendered":"estagio administrativo &#8211; Administra\u00e7\u00e3o &#8211; Teres\u00f3polis"},"content":{"rendered":"<p>Est\u00e1gio Administrativo<br \/>\nVoc\u00ea est\u00e1 prestes a fazer parte de uma equipe din\u00e2mica e inovadora em um ambiente que valoriza o crescimento profissional e o aprendizado cont\u00ednuo.Estamos procurando um estagi\u00e1rio administrativo Este \u00e9 um excelente momento para desenvolver suas habilidades administrativas e fazer parte de um projeto que impacta diretamente nossas opera\u00e7\u00f5es.<br \/>\nDurante o seu est\u00e1gio, voc\u00ea ter\u00e1 a oportunidade de aprender e aplicar conceitos te\u00f3ricos em situa\u00e7\u00f5es pr\u00e1ticas.Seu papel ser\u00e1 fundamental para otimizar processos administrativos e contribuir para a efici\u00eancia geral do escrit\u00f3rio.Voc\u00ea trabalhar\u00e1 em estreita colabora\u00e7\u00e3o com profissionais experientes, auxiliando em tarefas como organiza\u00e7\u00e3o de arquivos, suporte ao departamento de RH, acompanhamento de projetos e suporte ao atendimento ao cliente.<br \/>\nPara se candidatar, \u00e9 necess\u00e1rio ter cursado no m\u00ednimo o primeiro semestre de Administra\u00e7\u00e3o ou \u00e1reas correlatas.\u00c9 importante que voc\u00ea tenha boa gest\u00e3o do tempo, \u00e9tica de trabalho e uma atitude proativa.Conhecimento b\u00e1sico em pacotes Office e habilidades de comunica\u00e7\u00e3o s\u00e3o altamente valorizados.<br \/>\nEste est\u00e1gio n\u00e3o \u00e9 apenas uma oportunidade de aprender, mas tamb\u00e9m de crescer dentro de uma organiza\u00e7\u00e3o que se preocupa com o desenvolvimento de seus colaboradores.Se voc\u00ea est\u00e1 buscando um ambiente que valorize o aprendizado e o crescimento profissional, esta \u00e9 a chance perfeita para voc\u00ea.<\/p>\n<ul>\n<li>Local de trabalho: Teres\u00f3polis, RJ<\/li>\n<li>Regime de contrata\u00e7\u00e3o de tipo: Est\u00e1gio<\/li>\n<li>Jornada: Per\u00edodo Integral<\/li>\n<li>\u00c1rea e especializa\u00e7\u00e3o profissional: Administra\u00e7\u00e3o &#8211; Administra\u00e7\u00e3o Geral<\/li>\n<li>N\u00edvel hier\u00e1rquico: Estagi\u00e1rio<\/li>\n<\/ul>\n<p>VALORIZADO<\/p>\n<p>Tempo de experi\u00eancia: S\u00f3 est\u00e1gios<\/p>\n<p>HABILIDADES<\/p>\n<ul>\n<li>estagio<\/li>\n<\/ul>\n<p>Escolaridade M\u00ednima: Ensino Superior<\/p>\n<p>Sal\u00e1rio: 800,0<\/p>\n","protected":false},"excerpt":{"rendered":"<p>Est\u00e1gio Administrativo Voc\u00ea est\u00e1 prestes a fazer parte de uma equipe din\u00e2mica e inovadora em um ambiente que valoriza o crescimento profissional e o aprendizado cont\u00ednuo.Estamos procurando um estagi\u00e1rio administrativo Este \u00e9 um excelente momento para desenvolver suas habilidades administrativas e fazer parte de um projeto que impacta diretamente nossas opera\u00e7\u00f5es. Durante o seu est\u00e1gio, [&hellip;]<\/p>\n","protected":false},"author":1,"featured_media":0,"comment_status":"open","ping_status":"open","sticky":false,"template":"","format":"standard","meta":{"footnotes":""},"categories":[21],"tags":[],"class_list":["post-5110","post","type-post","status-publish","format-standard","hentry","category-rio-de-janeiro-rj"],"_links":{"self":[{"href":"https:\/\/vagas.portalemprego.com.br\/index.php?rest_route=\/wp\/v2\/posts\/5110","targetHints":{"allow":["GET"]}}],"collection":[{"href":"https:\/\/vagas.portalemprego.com.br\/index.php?rest_route=\/wp\/v2\/posts"}],"about":[{"href":"https:\/\/vagas.portalemprego.com.br\/index.php?rest_route=\/wp\/v2\/types\/post"}],"author":[{"embeddable":true,"href":"https:\/\/vagas.portalemprego.com.br\/index.php?rest_route=\/wp\/v2\/users\/1"}],"replies":[{"embeddable":true,"href":"https:\/\/vagas.portalemprego.com.br\/index.php?rest_route=%2Fwp%2Fv2%2Fcomments&post=5110"}],"version-history":[{"count":0,"href":"https:\/\/vagas.portalemprego.com.br\/index.php?rest_route=\/wp\/v2\/posts\/5110\/revisions"}],"wp:attachment":[{"href":"https:\/\/vagas.portalemprego.com.br\/index.php?rest_route=%2Fwp%2Fv2%2Fmedia&parent=5110"}],"wp:term":[{"taxonomy":"category","embeddable":true,"href":"https:\/\/vagas.portalemprego.com.br\/index.php?rest_route=%2Fwp%2Fv2%2Fcategories&post=5110"},{"taxonomy":"post_tag","embeddable":true,"href":"https:\/\/vagas.portalemprego.com.br\/index.php?rest_route=%2Fwp%2Fv2%2Ftags&post=5110"}],"curies":[{"name":"wp","href":"https:\/\/api.w.org\/{rel}","templated":true}]}}