{"id":5111,"date":"2026-04-29T06:24:24","date_gmt":"2026-04-29T09:24:24","guid":{"rendered":"https:\/\/vagas.portalemprego.com.br\/?p=5111"},"modified":"2026-04-29T06:24:24","modified_gmt":"2026-04-29T09:24:24","slug":"estagio-em-administracao-82243-administracao-rio-de-janeiro","status":"publish","type":"post","link":"https:\/\/vagas.portalemprego.com.br\/?p=5111","title":{"rendered":"Est\u00e1gio em Administra\u00e7\u00e3o &#8211; 82243 &#8211; Administra\u00e7\u00e3o &#8211; Rio de Janeiro"},"content":{"rendered":"<p>Organiza\u00e7\u00e3o no segmento de cuidados com a sa\u00fade, seleciona estudantes cursando Administra\u00e7\u00e3o do 4\u00ba ao 6\u00ba per\u00edodo para vaga de est\u00e1gio. <\/p>\n<p>Atividades:<br \/>\n&#8211; Apoiar as rotinas administrativas da cl\u00ednica, com organiza\u00e7\u00e3o, digitaliza\u00e7\u00e3o e controle de documentos f\u00edsicos e eletr\u00f4nicos;<br \/>\n&#8211; Dar suporte ao setor de Suprimentos, auxiliando no levantamento de necessidades, cota\u00e7\u00f5es, compras e recebimento de materiais;<br \/>\n&#8211; Colaborar no mapeamento e melhoria de processos, identificando oportunidades para otimizar fluxos de trabalho entre as equipes;<br \/>\n&#8211; Apoiar atividades operacionais das \u00e1reas de Marketing e Vendas, contribuindo na prepara\u00e7\u00e3o de materiais e organiza\u00e7\u00e3o de a\u00e7\u00f5es internas;<br \/>\n&#8211; Auxiliar no processo de faturamento e rotinas b\u00e1sicas do Financeiro, garantindo registros precisos e fluxo de informa\u00e7\u00f5es atualizado.<\/p>\n<p>Local: Leblon, Rio de Janeiro<br \/>\nHor\u00e1rio: 6 horas di\u00e1rias a combinar, segunda a sexta.<br \/>\nOferece bolsa de R$1000,00 + Aux\u00edlio transporte<\/p>\n<p>Necess\u00e1rio: Conhecimento em Pacote Office.<\/p>\n<ul>\n<li>Local de trabalho: Rio de Janeiro, RJ<\/li>\n<li>Regime de contrata\u00e7\u00e3o de tipo: Est\u00e1gio<\/li>\n<li>Jornada: Per\u00edodo Integral<\/li>\n<li>\u00c1rea e especializa\u00e7\u00e3o profissional: Administra\u00e7\u00e3o &#8211; Administra\u00e7\u00e3o Geral<\/li>\n<li>N\u00edvel hier\u00e1rquico: Estagi\u00e1rio<\/li>\n<\/ul>\n<p>Escolaridade M\u00ednima: Ensino Superior<\/p>\n<p>Sal\u00e1rio: 1000,0<\/p>\n","protected":false},"excerpt":{"rendered":"<p>Organiza\u00e7\u00e3o no segmento de cuidados com a sa\u00fade, seleciona estudantes cursando Administra\u00e7\u00e3o do 4\u00ba ao 6\u00ba per\u00edodo para vaga de est\u00e1gio. Atividades: &#8211; Apoiar as rotinas administrativas da cl\u00ednica, com organiza\u00e7\u00e3o, digitaliza\u00e7\u00e3o e controle de documentos f\u00edsicos e eletr\u00f4nicos; &#8211; Dar suporte ao setor de Suprimentos, auxiliando no levantamento de necessidades, cota\u00e7\u00f5es, compras e recebimento [&hellip;]<\/p>\n","protected":false},"author":1,"featured_media":0,"comment_status":"open","ping_status":"open","sticky":false,"template":"","format":"standard","meta":{"footnotes":""},"categories":[21],"tags":[],"class_list":["post-5111","post","type-post","status-publish","format-standard","hentry","category-rio-de-janeiro-rj"],"_links":{"self":[{"href":"https:\/\/vagas.portalemprego.com.br\/index.php?rest_route=\/wp\/v2\/posts\/5111","targetHints":{"allow":["GET"]}}],"collection":[{"href":"https:\/\/vagas.portalemprego.com.br\/index.php?rest_route=\/wp\/v2\/posts"}],"about":[{"href":"https:\/\/vagas.portalemprego.com.br\/index.php?rest_route=\/wp\/v2\/types\/post"}],"author":[{"embeddable":true,"href":"https:\/\/vagas.portalemprego.com.br\/index.php?rest_route=\/wp\/v2\/users\/1"}],"replies":[{"embeddable":true,"href":"https:\/\/vagas.portalemprego.com.br\/index.php?rest_route=%2Fwp%2Fv2%2Fcomments&post=5111"}],"version-history":[{"count":0,"href":"https:\/\/vagas.portalemprego.com.br\/index.php?rest_route=\/wp\/v2\/posts\/5111\/revisions"}],"wp:attachment":[{"href":"https:\/\/vagas.portalemprego.com.br\/index.php?rest_route=%2Fwp%2Fv2%2Fmedia&parent=5111"}],"wp:term":[{"taxonomy":"category","embeddable":true,"href":"https:\/\/vagas.portalemprego.com.br\/index.php?rest_route=%2Fwp%2Fv2%2Fcategories&post=5111"},{"taxonomy":"post_tag","embeddable":true,"href":"https:\/\/vagas.portalemprego.com.br\/index.php?rest_route=%2Fwp%2Fv2%2Ftags&post=5111"}],"curies":[{"name":"wp","href":"https:\/\/api.w.org\/{rel}","templated":true}]}}