{"id":5113,"date":"2026-04-29T06:24:24","date_gmt":"2026-04-29T09:24:24","guid":{"rendered":"https:\/\/vagas.portalemprego.com.br\/?p=5113"},"modified":"2026-04-29T06:24:24","modified_gmt":"2026-04-29T09:24:24","slug":"preparador-de-maquinas-construcao-manutencao-porto-real","status":"publish","type":"post","link":"https:\/\/vagas.portalemprego.com.br\/?p=5113","title":{"rendered":"Preparador de M\u00e1quinas &#8211; Constru\u00e7\u00e3o, Manuten\u00e7\u00e3o &#8211; Porto Real"},"content":{"rendered":"<p>Empresa do segmento de Auto Pe\u00e7as contrata: Preparador de M\u00e1quinas<br \/>\nPr\u00e9 requisitos:<br \/>\nEnsino m\u00e9dio completo<br \/>\nCursos de qualifica\u00e7\u00e3o profissional de mais de 400 horas\/aulas na \u00e1rea industrial<br \/>\nAtividades:<br \/>\nRegula o maquin\u00e1rio, instalando as ferramentas necess\u00e1rias \u00e0 produ\u00e7\u00e3o dos componentes, conforme programa\u00e7\u00e3o;\u00a0<br \/>\nProcede \u00e0 execu\u00e7\u00e3o de set ups, com responsabilidade, na manuten\u00e7\u00e3o dos equipamentos, ferramentas e instrumentos, garantindo a qualidade dos produtos e a produtividade;\u00a0<br \/>\nInterv\u00e9m junto ao equipamento de produ\u00e7\u00e3o, sempre que houver varia\u00e7\u00e3o no processo produtivo, corrigindo-o e observando as condi\u00e7\u00f5es de fabrica\u00e7\u00e3o das pe\u00e7as;\u00a0\u00a0<br \/>\nResponde pela conserva\u00e7\u00e3o dos equipamentos, ferramentas e instrumentos;\u00a0<br \/>\nDistribui as fichas de produ\u00e7\u00e3o aos Auxiliares, para registro, procedendo ao monitoramento dos mesmos;\u00a0<br \/>\nConfere as primeiras pe\u00e7as produzidas, identificando falhas e comunicando-as aos respons\u00e1veis das \u00e1reas;\u00a0<br \/>\nSolicita materiais de reposi\u00e7\u00e3o para a linha de montagem, quando necess\u00e1rio;\u00a0<br \/>\nMant\u00e9m organizado e limpo o local de trabalho;\u00a0<br \/>\nDesigna os trabalhadores para as devidas m\u00e1quinas de trabalho;\u00a0<br \/>\nAtua como agente multiplicador;\u00a0\u00a0<br \/>\nOpera m\u00e1quinas manuais e semiautom\u00e1ticas, colocando e posicionando componentes, para a produ\u00e7\u00e3o seriada de pe\u00e7as;\u00a0<br \/>\nRetira as pe\u00e7as da m\u00e1quina, ap\u00f3s as opera\u00e7\u00f5es, observando o visual, dimensional e outros requisitos, com vistas \u00e0 certifica\u00e7\u00e3o da qualidade;\u00a0<br \/>\nProcede ao preenchimento de fichas de controle interno do setor;\u00a0<br \/>\nExecuta dem\u00e3os tarefas afins ou correlatas, \u00e0s acima elencadas.<\/p>\n<ul>\n<li>Local de trabalho: Porto Real, RJ<\/li>\n<li>Regime de contrata\u00e7\u00e3o de tipo: Efetivo \u2013 CLT<\/li>\n<li>Jornada: Per\u00edodo Integral<\/li>\n<li>\u00c1rea e especializa\u00e7\u00e3o profissional: Constru\u00e7\u00e3o, Manuten\u00e7\u00e3o &#8211; Preparador de M\u00e1quinas e Equipamentos<\/li>\n<li>N\u00edvel hier\u00e1rquico: Operacional<\/li>\n<\/ul>\n<p>Escolaridade M\u00ednima: Ensino M\u00e9dio (2\u00ba Grau)<\/p>\n<ul>\n<li>Seguro de Vida<\/li>\n<li>Assist\u00eancia m\u00e9dica<\/li>\n<li>Refei\u00e7\u00e3o no local<\/li>\n<li>Transporte Fretado<\/li>\n<\/ul>\n","protected":false},"excerpt":{"rendered":"<p>Empresa do segmento de Auto Pe\u00e7as contrata: Preparador de M\u00e1quinas Pr\u00e9 requisitos: Ensino m\u00e9dio completo Cursos de qualifica\u00e7\u00e3o profissional de mais de 400 horas\/aulas na \u00e1rea industrial Atividades: Regula o maquin\u00e1rio, instalando as ferramentas necess\u00e1rias \u00e0 produ\u00e7\u00e3o dos componentes, conforme programa\u00e7\u00e3o;\u00a0 Procede \u00e0 execu\u00e7\u00e3o de set ups, com responsabilidade, na manuten\u00e7\u00e3o dos equipamentos, ferramentas e [&hellip;]<\/p>\n","protected":false},"author":1,"featured_media":0,"comment_status":"open","ping_status":"open","sticky":false,"template":"","format":"standard","meta":{"footnotes":""},"categories":[21],"tags":[],"class_list":["post-5113","post","type-post","status-publish","format-standard","hentry","category-rio-de-janeiro-rj"],"_links":{"self":[{"href":"https:\/\/vagas.portalemprego.com.br\/index.php?rest_route=\/wp\/v2\/posts\/5113","targetHints":{"allow":["GET"]}}],"collection":[{"href":"https:\/\/vagas.portalemprego.com.br\/index.php?rest_route=\/wp\/v2\/posts"}],"about":[{"href":"https:\/\/vagas.portalemprego.com.br\/index.php?rest_route=\/wp\/v2\/types\/post"}],"author":[{"embeddable":true,"href":"https:\/\/vagas.portalemprego.com.br\/index.php?rest_route=\/wp\/v2\/users\/1"}],"replies":[{"embeddable":true,"href":"https:\/\/vagas.portalemprego.com.br\/index.php?rest_route=%2Fwp%2Fv2%2Fcomments&post=5113"}],"version-history":[{"count":0,"href":"https:\/\/vagas.portalemprego.com.br\/index.php?rest_route=\/wp\/v2\/posts\/5113\/revisions"}],"wp:attachment":[{"href":"https:\/\/vagas.portalemprego.com.br\/index.php?rest_route=%2Fwp%2Fv2%2Fmedia&parent=5113"}],"wp:term":[{"taxonomy":"category","embeddable":true,"href":"https:\/\/vagas.portalemprego.com.br\/index.php?rest_route=%2Fwp%2Fv2%2Fcategories&post=5113"},{"taxonomy":"post_tag","embeddable":true,"href":"https:\/\/vagas.portalemprego.com.br\/index.php?rest_route=%2Fwp%2Fv2%2Ftags&post=5113"}],"curies":[{"name":"wp","href":"https:\/\/api.w.org\/{rel}","templated":true}]}}