{"id":5114,"date":"2026-04-29T06:24:24","date_gmt":"2026-04-29T09:24:24","guid":{"rendered":"https:\/\/vagas.portalemprego.com.br\/?p=5114"},"modified":"2026-04-29T06:24:24","modified_gmt":"2026-04-29T09:24:24","slug":"auxiliar-de-cozinha-tijuca-dia-noite-5x2-alimentacao-gastronomia-rio-de-janeiro","status":"publish","type":"post","link":"https:\/\/vagas.portalemprego.com.br\/?p=5114","title":{"rendered":"Auxiliar de Cozinha TIJUCA &#8211; DIA\/NOITE 5&#215;2 &#8211; Alimenta\u00e7\u00e3o \/ Gastronomia &#8211; Rio de Janeiro"},"content":{"rendered":"<p>Estamos em busca de um Auxiliar de Cozinha para se juntar ao nosso time.<br \/>\nLocal de trabalho: Unidades: Tijuca (Maracan\u00e3)<br \/>\nSal\u00e1rio: R$ 1.630,00<br \/>\nEscala: 5&#215;2 (44h)<br \/>\nHor\u00e1rios: Temos hor\u00e1rios para o turno do DIA e da NOITE:<br \/>\nTurno DIA: Das 09h00 \u00e0s 18h00<br \/>\nTurno NOITE: 14h40 \u00e0s 23h40<\/p>\n<p>O que oferecemos de benef\u00edcios para voc\u00ea:<br \/>\n&#8211; Vale-transporte<br \/>\n&#8211; Refei\u00e7\u00e3o deliciosa no local;<br \/>\n&#8211; Aux\u00edlio-alimenta\u00e7\u00e3o de R$ 264,00;<br \/>\n&#8211; Acesso ao Wellhub (Gympass) para cuidar do corpo e da mente;<br \/>\n&#8211; Plano de sa\u00fade &#8211; Seguro de vida;<br \/>\n&#8211; Acesso ao clube Shalon com benef\u00edcios exclusivos + Todos os direitos garantidos; F\u00e9rias, 13\u00ba, FGTS e INSS;<\/p>\n<p>Aqui seu crescimento \u00e9 levado a s\u00e9rio! Tem sede de aprendizado e vontade de crescer? Aqui voc\u00ea ter\u00e1 acesso a treinamentos internos e oportunidades reais de promo\u00e7\u00e3o.<\/p>\n<p>Valorizamos quem veste a camisa e quer construir uma carreira na gastronomia!<br \/>\nSuas principais miss\u00f5es:<br \/>\n&#8211; Auxiliar no preparo de pratos com orienta\u00e7\u00e3o de nutricionistas e chefs;<br \/>\n&#8211; Higienizar, cortar, descascar e preparar ingredientes;<br \/>\n&#8211; Participar do pr\u00e9-preparo e da montagem dos pratos;<br \/>\n&#8211; Controlar temperatura e qualidade dos alimentos;<br \/>\n&#8211; Manter a organiza\u00e7\u00e3o da pra\u00e7a e do estoque;<br \/>\n&#8211; Higienizar utens\u00edlios, equipamentos e \u00e1reas de trabalho;<br \/>\n&#8211; Conferir e armazenar materiais recebidos;<\/p>\n<p>Procuramos pessoas com:<br \/>\n&#8211; Esp\u00edrito de equipe, proatividade e boa comunica\u00e7\u00e3o;<br \/>\n&#8211; Agilidade, aten\u00e7\u00e3o aos detalhes e excelente apresenta\u00e7\u00e3o;<br \/>\n&#8211; Organiza\u00e7\u00e3o e compromisso com a seguran\u00e7a no trabalho;<\/p>\n<ul>\n<li>N\u00famero de vagas: 6<\/li>\n<li>Local de trabalho: Rio de Janeiro, RJ<\/li>\n<li>Regime de contrata\u00e7\u00e3o de tipo: Efetivo \u2013 CLT<\/li>\n<li>Jornada: Per\u00edodo Integral<\/li>\n<li>\u00c1rea e especializa\u00e7\u00e3o profissional: Alimenta\u00e7\u00e3o \/ Gastronomia &#8211; Cozinha<\/li>\n<li>N\u00edvel hier\u00e1rquico: Operacional<\/li>\n<\/ul>\n<p>VALORIZADO<\/p>\n<p>Tempo de experi\u00eancia: Entre 1 e 3 anos<\/p>\n<p>HABILIDADES<\/p>\n<ul>\n<li>Responsabilidade<\/li>\n<li>Agilidade<\/li>\n<li>Organiza\u00e7\u00e3o<\/li>\n<li>Proatividade<\/li>\n<li>Detalhista<\/li>\n<li>Comprometimento<\/li>\n<\/ul>\n<p>Escolaridade M\u00ednima: Ensino M\u00e9dio (2\u00ba Grau)<\/p>\n<p>Sal\u00e1rio: 1630,0<\/p>\n","protected":false},"excerpt":{"rendered":"<p>Estamos em busca de um Auxiliar de Cozinha para se juntar ao nosso time. Local de trabalho: Unidades: Tijuca (Maracan\u00e3) Sal\u00e1rio: R$ 1.630,00 Escala: 5&#215;2 (44h) Hor\u00e1rios: Temos hor\u00e1rios para o turno do DIA e da NOITE: Turno DIA: Das 09h00 \u00e0s 18h00 Turno NOITE: 14h40 \u00e0s 23h40 O que oferecemos de benef\u00edcios para voc\u00ea: [&hellip;]<\/p>\n","protected":false},"author":1,"featured_media":0,"comment_status":"open","ping_status":"open","sticky":false,"template":"","format":"standard","meta":{"footnotes":""},"categories":[21],"tags":[],"class_list":["post-5114","post","type-post","status-publish","format-standard","hentry","category-rio-de-janeiro-rj"],"_links":{"self":[{"href":"https:\/\/vagas.portalemprego.com.br\/index.php?rest_route=\/wp\/v2\/posts\/5114","targetHints":{"allow":["GET"]}}],"collection":[{"href":"https:\/\/vagas.portalemprego.com.br\/index.php?rest_route=\/wp\/v2\/posts"}],"about":[{"href":"https:\/\/vagas.portalemprego.com.br\/index.php?rest_route=\/wp\/v2\/types\/post"}],"author":[{"embeddable":true,"href":"https:\/\/vagas.portalemprego.com.br\/index.php?rest_route=\/wp\/v2\/users\/1"}],"replies":[{"embeddable":true,"href":"https:\/\/vagas.portalemprego.com.br\/index.php?rest_route=%2Fwp%2Fv2%2Fcomments&post=5114"}],"version-history":[{"count":0,"href":"https:\/\/vagas.portalemprego.com.br\/index.php?rest_route=\/wp\/v2\/posts\/5114\/revisions"}],"wp:attachment":[{"href":"https:\/\/vagas.portalemprego.com.br\/index.php?rest_route=%2Fwp%2Fv2%2Fmedia&parent=5114"}],"wp:term":[{"taxonomy":"category","embeddable":true,"href":"https:\/\/vagas.portalemprego.com.br\/index.php?rest_route=%2Fwp%2Fv2%2Fcategories&post=5114"},{"taxonomy":"post_tag","embeddable":true,"href":"https:\/\/vagas.portalemprego.com.br\/index.php?rest_route=%2Fwp%2Fv2%2Ftags&post=5114"}],"curies":[{"name":"wp","href":"https:\/\/api.w.org\/{rel}","templated":true}]}}