{"id":5115,"date":"2026-04-29T06:24:24","date_gmt":"2026-04-29T09:24:24","guid":{"rendered":"https:\/\/vagas.portalemprego.com.br\/?p=5115"},"modified":"2026-04-29T06:24:24","modified_gmt":"2026-04-29T09:24:24","slug":"assistente-juridico-juridica-rio-de-janeiro-3","status":"publish","type":"post","link":"https:\/\/vagas.portalemprego.com.br\/?p=5115","title":{"rendered":"Assistente Jur\u00eddico &#8211; Jur\u00eddica &#8211; Rio de Janeiro"},"content":{"rendered":"<p>Oportunidade de Carreira como Assistente Jur\u00eddico<br \/>\nEstamos em busca de um profissional dedicado e com habilidades jur\u00eddicas s\u00f3lidas para se juntar ao nosso time como Assistente Jur\u00eddico.Este cargo \u00e9 fundamental para o suporte e desenvolvimento de atividades jur\u00eddicas essenciais para a empresa.<br \/>\nComo Assistente Jur\u00eddico, voc\u00ea ser\u00e1 respons\u00e1vel por auxiliar na prepara\u00e7\u00e3o e revis\u00e3o de documentos jur\u00eddicos, incluindo contratos, acordos e peti\u00e7\u00f5es.Ser\u00e1 parte ativa nas negocia\u00e7\u00f5es e na resolu\u00e7\u00e3o de conflitos, garantindo a conformidade com as leis e regulamentos aplic\u00e1veis.Al\u00e9m disso, voc\u00ea apoiar\u00e1 o departamento jur\u00eddico na an\u00e1lise de casos, pesquisa jur\u00eddica e na prepara\u00e7\u00e3o de relat\u00f3rios t\u00e9cnicos.<br \/>\nExperi\u00eancia em direito empresarial, contratos e lit\u00edgios \u00e9 altamente valorizada.O candidato ideal deve demonstrar habilidades de comunica\u00e7\u00e3o eficaz, capacidade de an\u00e1lise cr\u00edtica e um forte senso de \u00e9tica profissional.A capacidade de trabalhar de forma independente e em equipe, com uma abordagem met\u00f3dica e aten\u00e7\u00e3o aos detalhes, \u00e9 essencial para o sucesso nesta fun\u00e7\u00e3o.<br \/>\nA empresa oferece um ambiente de trabalho din\u00e2mico e colaborativo, com oportunidades de crescimento profissional e desenvolvimento cont\u00ednuo.Se voc\u00ea tem um diploma em direito e est\u00e1 buscando um desafio que combine responsabilidade e impacto, esta \u00e9 uma oportunidade para se destacar.<br \/>\nJunte-se a n\u00f3s e fa\u00e7a parte de um time comprometido com a excel\u00eancia e o sucesso sustent\u00e1vel.A sua contribui\u00e7\u00e3o ser\u00e1 fundamental para o nosso sucesso cont\u00ednuo.<br \/>\nAguardamos seu interesse e candidatura para esta posi\u00e7\u00e3o.<\/p>\n<ul>\n<li>Local de trabalho: Rio de Janeiro, RJ<\/li>\n<li>Regime de contrata\u00e7\u00e3o de tipo: Est\u00e1gio<\/li>\n<li>Jornada: Per\u00edodo Integral<\/li>\n<li>\u00c1rea e especializa\u00e7\u00e3o profissional: Jur\u00eddica &#8211; Trabalhista<\/li>\n<li>N\u00edvel hier\u00e1rquico: Assistente<\/li>\n<\/ul>\n<p>Escolaridade M\u00ednima: Ensino Superior<\/p>\n<p>Sal\u00e1rio: 35000,0<\/p>\n","protected":false},"excerpt":{"rendered":"<p>Oportunidade de Carreira como Assistente Jur\u00eddico Estamos em busca de um profissional dedicado e com habilidades jur\u00eddicas s\u00f3lidas para se juntar ao nosso time como Assistente Jur\u00eddico.Este cargo \u00e9 fundamental para o suporte e desenvolvimento de atividades jur\u00eddicas essenciais para a empresa. Como Assistente Jur\u00eddico, voc\u00ea ser\u00e1 respons\u00e1vel por auxiliar na prepara\u00e7\u00e3o e revis\u00e3o de [&hellip;]<\/p>\n","protected":false},"author":1,"featured_media":0,"comment_status":"open","ping_status":"open","sticky":false,"template":"","format":"standard","meta":{"footnotes":""},"categories":[21],"tags":[],"class_list":["post-5115","post","type-post","status-publish","format-standard","hentry","category-rio-de-janeiro-rj"],"_links":{"self":[{"href":"https:\/\/vagas.portalemprego.com.br\/index.php?rest_route=\/wp\/v2\/posts\/5115","targetHints":{"allow":["GET"]}}],"collection":[{"href":"https:\/\/vagas.portalemprego.com.br\/index.php?rest_route=\/wp\/v2\/posts"}],"about":[{"href":"https:\/\/vagas.portalemprego.com.br\/index.php?rest_route=\/wp\/v2\/types\/post"}],"author":[{"embeddable":true,"href":"https:\/\/vagas.portalemprego.com.br\/index.php?rest_route=\/wp\/v2\/users\/1"}],"replies":[{"embeddable":true,"href":"https:\/\/vagas.portalemprego.com.br\/index.php?rest_route=%2Fwp%2Fv2%2Fcomments&post=5115"}],"version-history":[{"count":0,"href":"https:\/\/vagas.portalemprego.com.br\/index.php?rest_route=\/wp\/v2\/posts\/5115\/revisions"}],"wp:attachment":[{"href":"https:\/\/vagas.portalemprego.com.br\/index.php?rest_route=%2Fwp%2Fv2%2Fmedia&parent=5115"}],"wp:term":[{"taxonomy":"category","embeddable":true,"href":"https:\/\/vagas.portalemprego.com.br\/index.php?rest_route=%2Fwp%2Fv2%2Fcategories&post=5115"},{"taxonomy":"post_tag","embeddable":true,"href":"https:\/\/vagas.portalemprego.com.br\/index.php?rest_route=%2Fwp%2Fv2%2Ftags&post=5115"}],"curies":[{"name":"wp","href":"https:\/\/api.w.org\/{rel}","templated":true}]}}