{"id":5118,"date":"2026-04-29T06:24:24","date_gmt":"2026-04-29T09:24:24","guid":{"rendered":"https:\/\/vagas.portalemprego.com.br\/?p=5118"},"modified":"2026-04-29T06:24:24","modified_gmt":"2026-04-29T09:24:24","slug":"consultor-de-vendas-corporativas-comercial-vendas-niteroi","status":"publish","type":"post","link":"https:\/\/vagas.portalemprego.com.br\/?p=5118","title":{"rendered":"Consultor de Vendas Corporativas &#8211; Comercial, Vendas &#8211; Niter\u00f3i"},"content":{"rendered":"<p>Estamos em busca de um Consultor de Vendas Corporativas para se juntar \u00e0 nossa equipe na Gr\u00e1fica Power Print.Como parte dessa posi\u00e7\u00e3o, voc\u00ea ser\u00e1 respons\u00e1vel por identificar e desenvolver oportunidades de neg\u00f3cios com empresas e organiza\u00e7\u00f5es.Seu papel ser\u00e1 crucial para expandir nossa base de clientes corporativos e aumentar a receita da empresa.<br \/>\nVoc\u00ea ser\u00e1 respons\u00e1vel por criar e manter relacionamentos com clientes existentes e potenciais, al\u00e9m de desenvolver estrat\u00e9gias de vendas eficazes para atender \u00e0s necessidades espec\u00edficas de cada cliente.Sua capacidade de entender as necessidades dos clientes e oferecer solu\u00e7\u00f5es personalizadas ser\u00e1 fundamental para o sucesso da posi\u00e7\u00e3o.<br \/>\nPara se candidatar a esta oportunidade, voc\u00ea deve ter experi\u00eancia comprovada em vendas corporativas, com um foco em servi\u00e7os de impress\u00e3o e gr\u00e1ficos.Uma forma\u00e7\u00e3o acad\u00eamica em marketing, administra\u00e7\u00e3o ou \u00e1rea relacionada \u00e9 um diferencial.Al\u00e9m disso, habilidades de comunica\u00e7\u00e3o persuasiva, capacidade de negocia\u00e7\u00e3o e uma mentalidade orientada para resultados s\u00e3o essenciais.<br \/>\nA Gr\u00e1fica Power Print oferece um ambiente de trabalho din\u00e2mico e uma cultura de crescimento cont\u00ednuo.Se voc\u00ea est\u00e1 procurando uma oportunidade para aplicar suas habilidades de vendas e crescer profissionalmente, esta posi\u00e7\u00e3o \u00e9 para voc\u00ea.<br \/>\nJunte-se \u00e0 nossa equipe e ajude-nos a impulsionar o sucesso da Gr\u00e1fica Power Print!<\/p>\n<ul>\n<li>Local de trabalho: Niter\u00f3i, RJ<\/li>\n<li>Regime de contrata\u00e7\u00e3o de tipo: Efetivo \u2013 CLT<\/li>\n<li>Jornada: Per\u00edodo Integral<\/li>\n<li>\u00c1rea e especializa\u00e7\u00e3o profissional: Comercial, Vendas &#8211; Venda T\u00e9cnica<\/li>\n<li>N\u00edvel hier\u00e1rquico: Consultor<\/li>\n<\/ul>\n<p>Escolaridade M\u00ednima: Ensino M\u00e9dio (2\u00ba Grau)<\/p>\n<ul>\n<li>Vale-alimenta\u00e7\u00e3o<\/li>\n<li>Vale-refei\u00e7\u00e3o<\/li>\n<li>Vale-transporte<\/li>\n<li>Celular Corporativo<\/li>\n<\/ul>\n<p>Sal\u00e1rio: 2000,0<\/p>\n","protected":false},"excerpt":{"rendered":"<p>Estamos em busca de um Consultor de Vendas Corporativas para se juntar \u00e0 nossa equipe na Gr\u00e1fica Power Print.Como parte dessa posi\u00e7\u00e3o, voc\u00ea ser\u00e1 respons\u00e1vel por identificar e desenvolver oportunidades de neg\u00f3cios com empresas e organiza\u00e7\u00f5es.Seu papel ser\u00e1 crucial para expandir nossa base de clientes corporativos e aumentar a receita da empresa. Voc\u00ea ser\u00e1 respons\u00e1vel [&hellip;]<\/p>\n","protected":false},"author":1,"featured_media":0,"comment_status":"open","ping_status":"open","sticky":false,"template":"","format":"standard","meta":{"footnotes":""},"categories":[21],"tags":[],"class_list":["post-5118","post","type-post","status-publish","format-standard","hentry","category-rio-de-janeiro-rj"],"_links":{"self":[{"href":"https:\/\/vagas.portalemprego.com.br\/index.php?rest_route=\/wp\/v2\/posts\/5118","targetHints":{"allow":["GET"]}}],"collection":[{"href":"https:\/\/vagas.portalemprego.com.br\/index.php?rest_route=\/wp\/v2\/posts"}],"about":[{"href":"https:\/\/vagas.portalemprego.com.br\/index.php?rest_route=\/wp\/v2\/types\/post"}],"author":[{"embeddable":true,"href":"https:\/\/vagas.portalemprego.com.br\/index.php?rest_route=\/wp\/v2\/users\/1"}],"replies":[{"embeddable":true,"href":"https:\/\/vagas.portalemprego.com.br\/index.php?rest_route=%2Fwp%2Fv2%2Fcomments&post=5118"}],"version-history":[{"count":0,"href":"https:\/\/vagas.portalemprego.com.br\/index.php?rest_route=\/wp\/v2\/posts\/5118\/revisions"}],"wp:attachment":[{"href":"https:\/\/vagas.portalemprego.com.br\/index.php?rest_route=%2Fwp%2Fv2%2Fmedia&parent=5118"}],"wp:term":[{"taxonomy":"category","embeddable":true,"href":"https:\/\/vagas.portalemprego.com.br\/index.php?rest_route=%2Fwp%2Fv2%2Fcategories&post=5118"},{"taxonomy":"post_tag","embeddable":true,"href":"https:\/\/vagas.portalemprego.com.br\/index.php?rest_route=%2Fwp%2Fv2%2Ftags&post=5118"}],"curies":[{"name":"wp","href":"https:\/\/api.w.org\/{rel}","templated":true}]}}