{"id":5119,"date":"2026-04-29T06:24:24","date_gmt":"2026-04-29T09:24:24","guid":{"rendered":"https:\/\/vagas.portalemprego.com.br\/?p=5119"},"modified":"2026-04-29T06:24:24","modified_gmt":"2026-04-29T09:24:24","slug":"coordenador-de-operacoes-logisticas-logistica-rio-de-janeiro","status":"publish","type":"post","link":"https:\/\/vagas.portalemprego.com.br\/?p=5119","title":{"rendered":"Coordenador de Opera\u00e7\u00f5es Log\u00edsticas &#8211; Log\u00edstica &#8211; Rio de Janeiro"},"content":{"rendered":"<p>Principais responsabilidades:<br \/>\n\u2022\tGerir as rotinas de recebimento, armazenagem e expedi\u00e7\u00e3o, garantindo qualidade, efici\u00eancia e cumprimento das metas.<br \/>\n\u2022\tLiderar, motivar e desenvolver o time operacional, acompanhando desempenho, produtividade e fornecendo feedbacks e treinamentos.<br \/>\n\u2022\tResponder por indicadores de performance (KPIs), preparar relat\u00f3rios de resultados e propor melhorias cont\u00ednuas utilizando ferramentas de gest\u00e3o (PDCA, 5W2H, etc.).<br \/>\n\u2022\tConduzir reuni\u00f5es de rotina com a equipe e alinhar estrat\u00e9gias com a ger\u00eancia\/supervis\u00e3o.<br \/>\n\u2022\tGarantir um ambiente de trabalho seguro, em conformidade com normas legais e pol\u00edticas internas.<br \/>\n\u2022\tMonitorar a qualidade dos processos e promover boas pr\u00e1ticas como 5S.<br \/>\n\u2022\tMapear processos, identificar gaps e implementar solu\u00e7\u00f5es para melhorias operacionais.<br \/>\n\u2022\tAtuar em pr\u00e1ticas de Gente &amp; Gest\u00e3o, remunera\u00e7\u00e3o vari\u00e1vel e engajamento da equipe.<br \/>\n\u2022\tZelar pelo patrim\u00f4nio e recursos da empresa\/cliente, utilizando-os de forma respons\u00e1vel.<\/p>\n<p>Requisitos:<br \/>\n\u2022\tEnsino Superior completo em Administra\u00e7\u00e3o, Engenharia, Log\u00edstica e \u00e1reas correlatas.<br \/>\n\u2022\tExperi\u00eancia comprovada em coordena\u00e7\u00e3o de equipes de opera\u00e7\u00f5es log\u00edsticas.<br \/>\n\u2022\tConhecimento s\u00f3lido em Log\u00edstica, com foco em processos, otimiza\u00e7\u00e3o e indicadores.<br \/>\n\u2022\tViv\u00eancia com ferramentas de gest\u00e3o (PDCA, 5W2H) e softwares de planejamento estrat\u00e9gico.<br \/>\n\u2022\tDom\u00ednio do Pacote Office, com Excel intermedi\u00e1rio\/avan\u00e7ado.<br \/>\n\u2022\tPossuir CNH B.<br \/>\n\u2022\tPerfil organizado, proativo, comunicativo, com habilidade para tomada de decis\u00e3o em cen\u00e1rios de press\u00e3o e foco em resultados.<br \/>\n\u2022\tDesej\u00e1vel: Ter f\u00e1cil acesso a Campo Grande\/RJ.<\/p>\n<ul>\n<li>Local de trabalho: Rio de Janeiro, RJ<\/li>\n<li>Regime de contrata\u00e7\u00e3o de tipo: Efetivo \u2013 CLT<\/li>\n<li>Jornada: Per\u00edodo Integral<\/li>\n<li>\u00c1rea e especializa\u00e7\u00e3o profissional: Log\u00edstica &#8211; Distribui\u00e7\u00e3o, Recebimento e Expedi\u00e7\u00e3o<\/li>\n<li>N\u00edvel hier\u00e1rquico: Coordenador<\/li>\n<\/ul>\n<p>VALORIZADO<\/p>\n<p>Tempo de experi\u00eancia: Entre 3 e 5 anos<\/p>\n<p>Escolaridade M\u00ednima: Ensino Superior<\/p>\n<p>Habilita\u00e7\u00e3o para dirigir: B<\/p>\n<ul>\n<li>Vale transporte<\/li>\n<li>Alimenta\u00e7\u00e3o Local<\/li>\n<li>lano de Sa\u00fade | KLINI SA\u00daDE (Rede pr\u00f3pria coberta 100% | Rede credenciada Coparticipada)<\/li>\n<li>Cesta B\u00e1sica (por assiduidade)<\/li>\n<li>Conv\u00eanio Sesc<\/li>\n<li>Conv\u00eanio Faculdade<\/li>\n<li>Desconto em Farm\u00e1cias<\/li>\n<\/ul>\n<p>Sal\u00e1rio: 7363,89<\/p>\n","protected":false},"excerpt":{"rendered":"<p>Principais responsabilidades: \u2022 Gerir as rotinas de recebimento, armazenagem e expedi\u00e7\u00e3o, garantindo qualidade, efici\u00eancia e cumprimento das metas. \u2022 Liderar, motivar e desenvolver o time operacional, acompanhando desempenho, produtividade e fornecendo feedbacks e treinamentos. \u2022 Responder por indicadores de performance (KPIs), preparar relat\u00f3rios de resultados e propor melhorias cont\u00ednuas utilizando ferramentas de gest\u00e3o (PDCA, 5W2H, [&hellip;]<\/p>\n","protected":false},"author":1,"featured_media":0,"comment_status":"open","ping_status":"open","sticky":false,"template":"","format":"standard","meta":{"footnotes":""},"categories":[21],"tags":[],"class_list":["post-5119","post","type-post","status-publish","format-standard","hentry","category-rio-de-janeiro-rj"],"_links":{"self":[{"href":"https:\/\/vagas.portalemprego.com.br\/index.php?rest_route=\/wp\/v2\/posts\/5119","targetHints":{"allow":["GET"]}}],"collection":[{"href":"https:\/\/vagas.portalemprego.com.br\/index.php?rest_route=\/wp\/v2\/posts"}],"about":[{"href":"https:\/\/vagas.portalemprego.com.br\/index.php?rest_route=\/wp\/v2\/types\/post"}],"author":[{"embeddable":true,"href":"https:\/\/vagas.portalemprego.com.br\/index.php?rest_route=\/wp\/v2\/users\/1"}],"replies":[{"embeddable":true,"href":"https:\/\/vagas.portalemprego.com.br\/index.php?rest_route=%2Fwp%2Fv2%2Fcomments&post=5119"}],"version-history":[{"count":0,"href":"https:\/\/vagas.portalemprego.com.br\/index.php?rest_route=\/wp\/v2\/posts\/5119\/revisions"}],"wp:attachment":[{"href":"https:\/\/vagas.portalemprego.com.br\/index.php?rest_route=%2Fwp%2Fv2%2Fmedia&parent=5119"}],"wp:term":[{"taxonomy":"category","embeddable":true,"href":"https:\/\/vagas.portalemprego.com.br\/index.php?rest_route=%2Fwp%2Fv2%2Fcategories&post=5119"},{"taxonomy":"post_tag","embeddable":true,"href":"https:\/\/vagas.portalemprego.com.br\/index.php?rest_route=%2Fwp%2Fv2%2Ftags&post=5119"}],"curies":[{"name":"wp","href":"https:\/\/api.w.org\/{rel}","templated":true}]}}