{"id":5120,"date":"2026-04-29T06:24:24","date_gmt":"2026-04-29T09:24:24","guid":{"rendered":"https:\/\/vagas.portalemprego.com.br\/?p=5120"},"modified":"2026-04-29T06:24:24","modified_gmt":"2026-04-29T09:24:24","slug":"gerente-de-vendas-comercial-vendas-rio-de-janeiro-2","status":"publish","type":"post","link":"https:\/\/vagas.portalemprego.com.br\/?p=5120","title":{"rendered":"GERENTE DE VENDAS &#8211; Comercial, Vendas &#8211; Rio de Janeiro"},"content":{"rendered":"<p>Descri\u00e7\u00e3o\u00a0de\u00a0Atividades:\u00a0Gerir os processos comerciais como um todo e a equipe\u00a0de\u00a0vendas\u00a0acompanhando resultados e\u00a0definindo estrat\u00e9gias\u00a0de\u00a0prospec\u00e7\u00e3o e manuten\u00e7\u00e3o\u00a0de\u00a0carteira\u00a0de\u00a0clientes.\u00a0<br \/>\nPrincipais processos sob responsabilidade\u00a0deste cargo:<br \/>\nParticipar do processo\u00a0de\u00a0elabora\u00e7\u00e3o do plano anual\u00a0de\u00a0vendas, propondo metas, estrat\u00e9gias, t\u00e1ticas e a\u00e7\u00f5es\u00a0<br \/>\nElaborar relat\u00f3rios\u00a0de\u00a0indicadores e resultados comerciais<br \/>\nOrganizar e supervisionar a distribui\u00e7\u00e3o das metas\u00a0de\u00a0vendas<br \/>\nDisponibilizar para os vendedores material t\u00e9cnico, script\u00a0de\u00a0vendas\u00a0e condi\u00e7\u00f5es\u00a0de\u00a0comercializa\u00e7\u00e3o<br \/>\nGerir as campanhas\u00a0de\u00a0vendas<br \/>\nPreparar, acompanhar e gerir a equipe\u00a0de\u00a0vendas<br \/>\nAtuar na prospec\u00e7\u00e3o\u00a0de\u00a0novos clientes<br \/>\nAcompanhar os indicadores da \u00e1rea Comercial<br \/>\nSupervisionar as visitas aos principais parceiros, acompanhando os vendedores quando necess\u00e1rio<br \/>\nParticipar\u00a0de\u00a0reuni\u00f5es da \u00e1rea comercial para alinhamento\u00a0de\u00a0metas e melhoria\u00a0de\u00a0desempenho<br \/>\nGerir contratos com clientes<br \/>\nRealizar outras atividades relacionadas ao cargo<br \/>\nRequisitos<br \/>\nRequisitos:\u00a0Ensino Superior Completo. Conhecimentos em inform\u00e1tica (principalmente Excel), t\u00e9cnicas comerciais e atendimento ao cliente. Experi\u00eancia na \u00e1rea comercial e em cargo\u00a0de\u00a0lideran\u00e7a.\u00a0<br \/>\nCompet\u00eancias Necess\u00e1rias:\u00a0Proatividade, iniciativa, foco nos resultados,\u00a0habilidades\u00a0de\u00a0comunica\u00e7\u00e3o, persuas\u00e3o e negocia\u00e7\u00e3o, comprometimento com o que se prop\u00f5e a fazer, habilidades\u00a0de\u00a0atendimento, relacionamento interpessoal satisfat\u00f3rio, lideran\u00e7a, gest\u00e3o\u00a0de\u00a0resultados e\u00a0 gest\u00e3o\u00a0de\u00a0equipes.<\/p>\n<ul>\n<li>Local de trabalho: Rio de Janeiro, RJ<\/li>\n<li>Regime de contrata\u00e7\u00e3o de tipo: Efetivo \u2013 CLT<\/li>\n<li>Jornada: Per\u00edodo Integral<\/li>\n<li>\u00c1rea e especializa\u00e7\u00e3o profissional: Comercial, Vendas &#8211; Venda T\u00e9cnica<\/li>\n<li>N\u00edvel hier\u00e1rquico: Gerente<\/li>\n<\/ul>\n<p>VALORIZADO<\/p>\n<p>Tempo de experi\u00eancia: Entre 3 e 5 anos<\/p>\n<p>Escolaridade M\u00ednima: P\u00f3s-gradua\u00e7\u00e3o &#8211; Especializa\u00e7\u00e3o\/MBA<\/p>\n<p>Sal\u00e1rio: 3800,0<\/p>\n","protected":false},"excerpt":{"rendered":"<p>Descri\u00e7\u00e3o\u00a0de\u00a0Atividades:\u00a0Gerir os processos comerciais como um todo e a equipe\u00a0de\u00a0vendas\u00a0acompanhando resultados e\u00a0definindo estrat\u00e9gias\u00a0de\u00a0prospec\u00e7\u00e3o e manuten\u00e7\u00e3o\u00a0de\u00a0carteira\u00a0de\u00a0clientes.\u00a0 Principais processos sob responsabilidade\u00a0deste cargo: Participar do processo\u00a0de\u00a0elabora\u00e7\u00e3o do plano anual\u00a0de\u00a0vendas, propondo metas, estrat\u00e9gias, t\u00e1ticas e a\u00e7\u00f5es\u00a0 Elaborar relat\u00f3rios\u00a0de\u00a0indicadores e resultados comerciais Organizar e supervisionar a distribui\u00e7\u00e3o das metas\u00a0de\u00a0vendas Disponibilizar para os vendedores material t\u00e9cnico, script\u00a0de\u00a0vendas\u00a0e condi\u00e7\u00f5es\u00a0de\u00a0comercializa\u00e7\u00e3o Gerir as campanhas\u00a0de\u00a0vendas [&hellip;]<\/p>\n","protected":false},"author":1,"featured_media":0,"comment_status":"open","ping_status":"open","sticky":false,"template":"","format":"standard","meta":{"footnotes":""},"categories":[21],"tags":[],"class_list":["post-5120","post","type-post","status-publish","format-standard","hentry","category-rio-de-janeiro-rj"],"_links":{"self":[{"href":"https:\/\/vagas.portalemprego.com.br\/index.php?rest_route=\/wp\/v2\/posts\/5120","targetHints":{"allow":["GET"]}}],"collection":[{"href":"https:\/\/vagas.portalemprego.com.br\/index.php?rest_route=\/wp\/v2\/posts"}],"about":[{"href":"https:\/\/vagas.portalemprego.com.br\/index.php?rest_route=\/wp\/v2\/types\/post"}],"author":[{"embeddable":true,"href":"https:\/\/vagas.portalemprego.com.br\/index.php?rest_route=\/wp\/v2\/users\/1"}],"replies":[{"embeddable":true,"href":"https:\/\/vagas.portalemprego.com.br\/index.php?rest_route=%2Fwp%2Fv2%2Fcomments&post=5120"}],"version-history":[{"count":0,"href":"https:\/\/vagas.portalemprego.com.br\/index.php?rest_route=\/wp\/v2\/posts\/5120\/revisions"}],"wp:attachment":[{"href":"https:\/\/vagas.portalemprego.com.br\/index.php?rest_route=%2Fwp%2Fv2%2Fmedia&parent=5120"}],"wp:term":[{"taxonomy":"category","embeddable":true,"href":"https:\/\/vagas.portalemprego.com.br\/index.php?rest_route=%2Fwp%2Fv2%2Fcategories&post=5120"},{"taxonomy":"post_tag","embeddable":true,"href":"https:\/\/vagas.portalemprego.com.br\/index.php?rest_route=%2Fwp%2Fv2%2Ftags&post=5120"}],"curies":[{"name":"wp","href":"https:\/\/api.w.org\/{rel}","templated":true}]}}