{"id":5123,"date":"2026-04-29T06:24:24","date_gmt":"2026-04-29T09:24:24","guid":{"rendered":"https:\/\/vagas.portalemprego.com.br\/?p=5123"},"modified":"2026-04-29T06:24:24","modified_gmt":"2026-04-29T09:24:24","slug":"operador-de-cftv-seguranca-rio-de-janeiro-2","status":"publish","type":"post","link":"https:\/\/vagas.portalemprego.com.br\/?p=5123","title":{"rendered":"Operador de CFTV &#8211; Seguran\u00e7a &#8211; Rio de Janeiro"},"content":{"rendered":"<p>Estamos em busca de um Operador de CFTV para se juntar \u00e0 nossa equipe na Vigban! Este \u00e9 um cargo fundamental para garantir a seguran\u00e7a e monitoramento de nossas instala\u00e7\u00f5es. O candidato ideal dever\u00e1 ter experi\u00eancia comprovada na opera\u00e7\u00e3o de sistemas de circuito fechado de televis\u00e3o (CFTV), com habilidades t\u00e9cnicas s\u00f3lidas e uma aten\u00e7\u00e3o meticulosa aos detalhes.<br \/>\nLocal de trabalho:\u00a0Barra da Tijuca<br \/>\nEscala:\u00a012&#215;36 &#8211; diurno OU noturno<br \/>\nSal\u00e1rio:\u00a0R$ 1.730,75<br \/>\nBenef\u00edcios:\u00a0Vale-Refei\u00e7\u00e3o + Vale-Transporte \/ Vale-Alimenta\u00e7\u00e3o (R$ 25,00 por dia trabalhado)<br \/>\nResponsabilidades: O trabalho envolve a monitora\u00e7\u00e3o cont\u00ednua de c\u00e2meras de seguran\u00e7a, garantindo a integridade f\u00edsica dos espa\u00e7os que cuidamos. O profissional deve estar preparado para identificar e reportar qualquer atividade suspeita, colaborando com as equipes de seguran\u00e7a e outras \u00e1reas conforme necess\u00e1rio. Al\u00e9m disso, dever\u00e1 realizar manuten\u00e7\u00e3o preventiva e corretiva dos equipamentos, garantindo que todos estejam em pleno funcionamento.<br \/>\nExperi\u00eancia pr\u00e9via em opera\u00e7\u00f5es de CFTV \u00e9 essencial, assim como a capacidade de trabalhar em turnos, incluindo finais de semana e feriados, quando necess\u00e1rio. O candidato deve ser proativo, com uma mentalidade de seguran\u00e7a e um forte senso de responsabilidade. Conhecimento em softwares de gerenciamento de v\u00eddeo e boas pr\u00e1ticas de seguran\u00e7a s\u00e3o diferenciais importantes.<br \/>\nA VIGBAN valoriza um ambiente de trabalho colaborativo, oferecendo treinamento cont\u00ednuo e oportunidades de crescimento profissional. Se voc\u00ea tem paix\u00e3o por seguran\u00e7a e deseja fazer parte de uma equipe dedicada, esta \u00e9 a oportunidade perfeita para voc\u00ea.<br \/>\nJunte-se \u00e0 Vigban e contribua para a prote\u00e7\u00e3o e seguran\u00e7a de nossos espa\u00e7os e pessoas!<\/p>\n<ul>\n<li>N\u00famero de vagas: 5<\/li>\n<li>Local de trabalho: Rio de Janeiro, RJ<\/li>\n<li>Regime de contrata\u00e7\u00e3o de tipo: Efetivo \u2013 CLT<\/li>\n<li>Jornada: Per\u00edodo Integral<\/li>\n<li>\u00c1rea e especializa\u00e7\u00e3o profissional: Seguran\u00e7a &#8211; Rastreamento, Monitoramento<\/li>\n<li>N\u00edvel hier\u00e1rquico: Operacional<\/li>\n<\/ul>\n<p>Escolaridade M\u00ednima: Ensino M\u00e9dio (2\u00ba Grau)<\/p>\n<p>Forma\u00e7\u00e3o desejada:<\/p>\n<ul>\n<li>Ensino M\u00e9dio (2\u00ba Grau)<\/li>\n<\/ul>\n<ul>\n<li>Vale transporte<\/li>\n<li>Adicional noturno, no caso de oportunidade no turno da noite<\/li>\n<li>Vale alimenta\u00e7\u00e3o ou refei\u00e7\u00e3o de R$25,00\/dia trabalhado<\/li>\n<\/ul>\n<p>Sal\u00e1rio: 1730,75<\/p>\n","protected":false},"excerpt":{"rendered":"<p>Estamos em busca de um Operador de CFTV para se juntar \u00e0 nossa equipe na Vigban! Este \u00e9 um cargo fundamental para garantir a seguran\u00e7a e monitoramento de nossas instala\u00e7\u00f5es. O candidato ideal dever\u00e1 ter experi\u00eancia comprovada na opera\u00e7\u00e3o de sistemas de circuito fechado de televis\u00e3o (CFTV), com habilidades t\u00e9cnicas s\u00f3lidas e uma aten\u00e7\u00e3o meticulosa [&hellip;]<\/p>\n","protected":false},"author":1,"featured_media":0,"comment_status":"open","ping_status":"open","sticky":false,"template":"","format":"standard","meta":{"footnotes":""},"categories":[21],"tags":[],"class_list":["post-5123","post","type-post","status-publish","format-standard","hentry","category-rio-de-janeiro-rj"],"_links":{"self":[{"href":"https:\/\/vagas.portalemprego.com.br\/index.php?rest_route=\/wp\/v2\/posts\/5123","targetHints":{"allow":["GET"]}}],"collection":[{"href":"https:\/\/vagas.portalemprego.com.br\/index.php?rest_route=\/wp\/v2\/posts"}],"about":[{"href":"https:\/\/vagas.portalemprego.com.br\/index.php?rest_route=\/wp\/v2\/types\/post"}],"author":[{"embeddable":true,"href":"https:\/\/vagas.portalemprego.com.br\/index.php?rest_route=\/wp\/v2\/users\/1"}],"replies":[{"embeddable":true,"href":"https:\/\/vagas.portalemprego.com.br\/index.php?rest_route=%2Fwp%2Fv2%2Fcomments&post=5123"}],"version-history":[{"count":0,"href":"https:\/\/vagas.portalemprego.com.br\/index.php?rest_route=\/wp\/v2\/posts\/5123\/revisions"}],"wp:attachment":[{"href":"https:\/\/vagas.portalemprego.com.br\/index.php?rest_route=%2Fwp%2Fv2%2Fmedia&parent=5123"}],"wp:term":[{"taxonomy":"category","embeddable":true,"href":"https:\/\/vagas.portalemprego.com.br\/index.php?rest_route=%2Fwp%2Fv2%2Fcategories&post=5123"},{"taxonomy":"post_tag","embeddable":true,"href":"https:\/\/vagas.portalemprego.com.br\/index.php?rest_route=%2Fwp%2Fv2%2Ftags&post=5123"}],"curies":[{"name":"wp","href":"https:\/\/api.w.org\/{rel}","templated":true}]}}