{"id":5126,"date":"2026-04-29T06:22:22","date_gmt":"2026-04-29T09:22:22","guid":{"rendered":"https:\/\/vagas.portalemprego.com.br\/?p=5126"},"modified":"2026-04-29T06:22:22","modified_gmt":"2026-04-29T09:22:22","slug":"coordenadora-de-frota-rio-de-janeiro-industrial-producao-fabrica-rio-de-janeiro","status":"publish","type":"post","link":"https:\/\/vagas.portalemprego.com.br\/?p=5126","title":{"rendered":"Coordenador(a) de Frota &#8211; Rio de Janeiro &#8211; Industrial, Produ\u00e7\u00e3o, F\u00e1brica &#8211; Rio de Janeiro"},"content":{"rendered":"<p>Empresa confidencial busca Coordenador de Frota com s\u00f3lida experi\u00eancia em caminh\u00f5es a diesel e gest\u00e3o de frota pr\u00f3pria. O profissional ser\u00e1 respons\u00e1vel por coordenar aproximadamente 450 ve\u00edculos, garantindo efici\u00eancia operacional, gest\u00e3o de manuten\u00e7\u00e3o e lideran\u00e7a de equipe.<\/p>\n<p>Responsabilidades<br \/>\nGerenciar frota pr\u00f3pria (caminh\u00f5es a diesel) e garantir a disponibilidade dos ve\u00edculos.<br \/>\nCoordenar manuten\u00e7\u00f5es preventivas e corretivas, assegurando qualidade e prazos.<br \/>\nAcompanhar e analisar indicadores de frota e desempenho operacional.<br \/>\nAdministrar or\u00e7amento da \u00e1rea e controlar custos de manuten\u00e7\u00e3o.<br \/>\nLiderar equipe com cerca de 30 colaboradores (mec\u00e2nicos, assistentes, almoxarife, motorista e supervisores).<br \/>\nAvaliar tecnicamente servi\u00e7os de mec\u00e2nica e dialogar com a equipe operacional.<br \/>\nRealizar visitas nas bases (cerca de 15 unidades).<br \/>\nImplementar melhorias cont\u00ednuas nos processos da frota.<\/p>\n<p>Requisitos<br \/>\nEnsino Superior completo.<br \/>\nExperi\u00eancia  com frota pr\u00f3pria e mec\u00e2nica Diesel.<br \/>\nViv\u00eancia com oficina pr\u00f3pria ser\u00e1 um diferencial.<br \/>\nExperi\u00eancia em lideran\u00e7a de equipes operacionais.<br \/>\nExcel n\u00edvel II.<br \/>\nDisponibilidade para viagens.<br \/>\nPerfil proativo, comunicativo, anal\u00edtico e com vis\u00e3o estrat\u00e9gica.<\/p>\n<p>Diferenciais<br \/>\nCapacidade de tomada de decis\u00e3o r\u00e1pida.<br \/>\nOrganiza\u00e7\u00e3o e habilidade para trabalhar com m\u00faltiplas demandas.<br \/>\nConhecimento em sistemas de gest\u00e3o de frota.<\/p>\n<ul>\n<li>Local de trabalho: Rio de Janeiro, RJ<\/li>\n<li>Regime de contrata\u00e7\u00e3o de tipo: Outros<\/li>\n<li>Jornada: Per\u00edodo Integral<\/li>\n<li>\u00c1rea e especializa\u00e7\u00e3o profissional: Industrial, Produ\u00e7\u00e3o, F\u00e1brica &#8211; Produ\u00e7\u00e3o<\/li>\n<li>N\u00edvel hier\u00e1rquico: Coordenador<\/li>\n<\/ul>\n<p>VALORIZADO<\/p>\n<p>Tempo de experi\u00eancia: Menos de 1 ano<\/p>\n<p>HABILIDADES<\/p>\n<ul>\n<li>lideran\u00e7a<\/li>\n<\/ul>\n<p>Escolaridade M\u00ednima: Ensino Fundamental (1\u00ba grau)<\/p>\n<p>Disponibilidade para viajar<\/p>\n","protected":false},"excerpt":{"rendered":"<p>Empresa confidencial busca Coordenador de Frota com s\u00f3lida experi\u00eancia em caminh\u00f5es a diesel e gest\u00e3o de frota pr\u00f3pria. O profissional ser\u00e1 respons\u00e1vel por coordenar aproximadamente 450 ve\u00edculos, garantindo efici\u00eancia operacional, gest\u00e3o de manuten\u00e7\u00e3o e lideran\u00e7a de equipe. Responsabilidades Gerenciar frota pr\u00f3pria (caminh\u00f5es a diesel) e garantir a disponibilidade dos ve\u00edculos. Coordenar manuten\u00e7\u00f5es preventivas e corretivas, [&hellip;]<\/p>\n","protected":false},"author":1,"featured_media":0,"comment_status":"open","ping_status":"open","sticky":false,"template":"","format":"standard","meta":{"footnotes":""},"categories":[21],"tags":[],"class_list":["post-5126","post","type-post","status-publish","format-standard","hentry","category-rio-de-janeiro-rj"],"_links":{"self":[{"href":"https:\/\/vagas.portalemprego.com.br\/index.php?rest_route=\/wp\/v2\/posts\/5126","targetHints":{"allow":["GET"]}}],"collection":[{"href":"https:\/\/vagas.portalemprego.com.br\/index.php?rest_route=\/wp\/v2\/posts"}],"about":[{"href":"https:\/\/vagas.portalemprego.com.br\/index.php?rest_route=\/wp\/v2\/types\/post"}],"author":[{"embeddable":true,"href":"https:\/\/vagas.portalemprego.com.br\/index.php?rest_route=\/wp\/v2\/users\/1"}],"replies":[{"embeddable":true,"href":"https:\/\/vagas.portalemprego.com.br\/index.php?rest_route=%2Fwp%2Fv2%2Fcomments&post=5126"}],"version-history":[{"count":0,"href":"https:\/\/vagas.portalemprego.com.br\/index.php?rest_route=\/wp\/v2\/posts\/5126\/revisions"}],"wp:attachment":[{"href":"https:\/\/vagas.portalemprego.com.br\/index.php?rest_route=%2Fwp%2Fv2%2Fmedia&parent=5126"}],"wp:term":[{"taxonomy":"category","embeddable":true,"href":"https:\/\/vagas.portalemprego.com.br\/index.php?rest_route=%2Fwp%2Fv2%2Fcategories&post=5126"},{"taxonomy":"post_tag","embeddable":true,"href":"https:\/\/vagas.portalemprego.com.br\/index.php?rest_route=%2Fwp%2Fv2%2Ftags&post=5126"}],"curies":[{"name":"wp","href":"https:\/\/api.w.org\/{rel}","templated":true}]}}