{"id":5137,"date":"2026-04-29T06:23:23","date_gmt":"2026-04-29T09:23:23","guid":{"rendered":"https:\/\/vagas.portalemprego.com.br\/?p=5137"},"modified":"2026-04-29T06:23:23","modified_gmt":"2026-04-29T09:23:23","slug":"jovem-aprendiz-administrativo-administracao-rio-de-janeiro-7","status":"publish","type":"post","link":"https:\/\/vagas.portalemprego.com.br\/?p=5137","title":{"rendered":"Jovem Aprendiz Administrativo &#8211; Administra\u00e7\u00e3o &#8211; Rio de Janeiro"},"content":{"rendered":"<p>&#8211; Local de trabalho: Shopping Leblon<br \/>\nO Jovem Aprendiz ir\u00e1 desempenhar as fun\u00e7\u00f5es pertinentes ao cargo<br \/>\nTer 18 a 22 anos;<br \/>\nTer o\u00a0ensino m\u00e9dio\u00a0completo;<br \/>\nTer f\u00e1cil acesso ao local de trabalho;<br \/>\nEscala: Seg \u00e0 sex \u2013 8h \u00e0s 14h \u2013 13h \u00e0s 19h<\/p>\n<ul>\n<li>N\u00famero de vagas: 3<\/li>\n<li>Local de trabalho: Rio de Janeiro, RJ<\/li>\n<li>Regime de contrata\u00e7\u00e3o de tipo: Efetivo \u2013 CLT<\/li>\n<li>Jornada: Per\u00edodo Integral<\/li>\n<li>\u00c1rea e especializa\u00e7\u00e3o profissional: Administra\u00e7\u00e3o &#8211; Administra\u00e7\u00e3o Geral<\/li>\n<li>N\u00edvel hier\u00e1rquico: Auxiliar<\/li>\n<\/ul>\n<p>VALORIZADO<\/p>\n<p>Tempo de experi\u00eancia: Sem experi\u00eancia<\/p>\n<p>Escolaridade M\u00ednima: Ensino M\u00e9dio (2\u00ba Grau)<\/p>\n<ul>\n<li>Day Off<\/li>\n<li>Refei\u00e7\u00e3o no local<\/li>\n<li>Assist\u00eancia m\u00e9dica<\/li>\n<li>Seguro de Vida<\/li>\n<li>Vale-transporte<\/li>\n<li>Assist\u00eancia odontol\u00f3gica<\/li>\n<\/ul>\n<p>Sal\u00e1rio: 1069,0<\/p>\n","protected":false},"excerpt":{"rendered":"<p>&#8211; Local de trabalho: Shopping Leblon O Jovem Aprendiz ir\u00e1 desempenhar as fun\u00e7\u00f5es pertinentes ao cargo Ter 18 a 22 anos; Ter o\u00a0ensino m\u00e9dio\u00a0completo; Ter f\u00e1cil acesso ao local de trabalho; Escala: Seg \u00e0 sex \u2013 8h \u00e0s 14h \u2013 13h \u00e0s 19h N\u00famero de vagas: 3 Local de trabalho: Rio de Janeiro, RJ Regime [&hellip;]<\/p>\n","protected":false},"author":1,"featured_media":0,"comment_status":"open","ping_status":"open","sticky":false,"template":"","format":"standard","meta":{"footnotes":""},"categories":[21],"tags":[],"class_list":["post-5137","post","type-post","status-publish","format-standard","hentry","category-rio-de-janeiro-rj"],"_links":{"self":[{"href":"https:\/\/vagas.portalemprego.com.br\/index.php?rest_route=\/wp\/v2\/posts\/5137","targetHints":{"allow":["GET"]}}],"collection":[{"href":"https:\/\/vagas.portalemprego.com.br\/index.php?rest_route=\/wp\/v2\/posts"}],"about":[{"href":"https:\/\/vagas.portalemprego.com.br\/index.php?rest_route=\/wp\/v2\/types\/post"}],"author":[{"embeddable":true,"href":"https:\/\/vagas.portalemprego.com.br\/index.php?rest_route=\/wp\/v2\/users\/1"}],"replies":[{"embeddable":true,"href":"https:\/\/vagas.portalemprego.com.br\/index.php?rest_route=%2Fwp%2Fv2%2Fcomments&post=5137"}],"version-history":[{"count":0,"href":"https:\/\/vagas.portalemprego.com.br\/index.php?rest_route=\/wp\/v2\/posts\/5137\/revisions"}],"wp:attachment":[{"href":"https:\/\/vagas.portalemprego.com.br\/index.php?rest_route=%2Fwp%2Fv2%2Fmedia&parent=5137"}],"wp:term":[{"taxonomy":"category","embeddable":true,"href":"https:\/\/vagas.portalemprego.com.br\/index.php?rest_route=%2Fwp%2Fv2%2Fcategories&post=5137"},{"taxonomy":"post_tag","embeddable":true,"href":"https:\/\/vagas.portalemprego.com.br\/index.php?rest_route=%2Fwp%2Fv2%2Ftags&post=5137"}],"curies":[{"name":"wp","href":"https:\/\/api.w.org\/{rel}","templated":true}]}}