{"id":5138,"date":"2026-04-29T06:23:23","date_gmt":"2026-04-29T09:23:23","guid":{"rendered":"https:\/\/vagas.portalemprego.com.br\/?p=5138"},"modified":"2026-04-29T06:23:23","modified_gmt":"2026-04-29T09:23:23","slug":"operador-a-de-vendas-loja-de-emprestimos-comercial-vendas-resende-2","status":"publish","type":"post","link":"https:\/\/vagas.portalemprego.com.br\/?p=5138","title":{"rendered":"Operador (a) de Vendas | Loja de Empr\u00e9stimos &#8211; Comercial, Vendas &#8211; Resende"},"content":{"rendered":"<p>Habilidade\u00a0em\u00a0comunica\u00e7\u00e3o,\u00a0facilidade\u00a0de\u00a0adapta\u00e7\u00e3o\u00a0e\u00a0sede\u00a0por\u00a0conhecimento\u00a0e\u00a0crescimento\u00a0s\u00e3o\u00a0caracter\u00edsticas\u00a0essenciais\u00a0para\u00a0integrar\u00a0o\u00a0nosso\u00a0time.<br \/>\nValorizamos\u00a0profissionais\u00a0que\u00a0demonstrem\u00a0essas\u00a0compet\u00eancias,\u00a0pois\u00a0acreditamos\u00a0que\u00a0elas\u00a0s\u00e3o\u00a0fundamentais\u00a0para\u00a0o\u00a0desenvolvimento\u00a0de\u00a0uma\u00a0carreira\u00a0s\u00f3lida\u00a0e\u00a0duradoura\u00a0dentro\u00a0da\u00a0nossa\u00a0organiza\u00e7\u00e3o.<br \/>\nAtividades:<br \/>\nRealizar\u00a0vendas\u00a0de\u00a0empr\u00e9stimos,\u00a0cart\u00f5es\u00a0e\u00a0seguros;<br \/>\nProspectar\u00a0novos\u00a0clientes\u00a0e\u00a0manter\u00a0a\u00a0carteira\u00a0ativa;<br \/>\nEfetuar\u00a0capta\u00e7\u00e3o\u00a0de\u00a0clientes\u00a0via\u00a0telefone\u00a0(TMK\u00a0ativo).<br \/>\nRequisitos:<br \/>\nEnsino\u00a0m\u00e9dio\u00a0completo\u00a0ou\u00a0superior\u00a0cursando;<br \/>\nExperi\u00eancia\u00a0pr\u00e9via\u00a0com\u00a0vendas\u00a0ou\u00a0em\u00a0cargo\u00a0similar;<br \/>\nDom\u00ednio\u00a0do\u00a0processo\u00a0de\u00a0vendas\u00a0e\u00a0hist\u00f3rico\u00a0comprovado\u00a0de\u00a0resultados;<br \/>\nExcelentes\u00a0habilidades\u00a0de\u00a0comunica\u00e7\u00e3o;<br \/>\nDesej\u00e1vel:\u00a0possuir\u00a0certifica\u00e7\u00e3o\u00a0ANEPS.<br \/>\nBenef\u00edcios:<br \/>\nVT\u00a0+\u00a0VR\/VA\u00a0(Wiipo)\u00a0+\u00a0Plano\u00a0de\u00a0Sa\u00fade\u00a0(SulAm\u00e9rica)\u00a0e\u00a0Odontol\u00f3gico\u00a0(Amil)\u00a0+\u00a0TotalPass\u00a0+\u00a0Parceria\u00a0com\u00a0o\u00a0Sesc<\/p>\n<ul>\n<li>N\u00famero de vagas: 2<\/li>\n<li>Local de trabalho: Resende, RJ<\/li>\n<li>Regime de contrata\u00e7\u00e3o de tipo: Efetivo \u2013 CLT<\/li>\n<li>Jornada: Per\u00edodo Integral<\/li>\n<li>\u00c1rea e especializa\u00e7\u00e3o profissional: Comercial, Vendas &#8211; Venda Interna<\/li>\n<li>N\u00edvel hier\u00e1rquico: Consultor<\/li>\n<\/ul>\n<p>VALORIZADO<\/p>\n<p>Tempo de experi\u00eancia: Entre 1 e 3 anos<\/p>\n<p>Escolaridade M\u00ednima: Ensino M\u00e9dio (2\u00ba Grau)<\/p>\n<ul>\n<li>Sesc<\/li>\n<li>Plano de Sa\u00fade<\/li>\n<li>Vale Refei\u00e7\u00e3o<\/li>\n<li>Plano Odontol\u00f3gico<\/li>\n<li>Vale Transporte<\/li>\n<\/ul>\n<p>Sal\u00e1rio: 3500,0<\/p>\n","protected":false},"excerpt":{"rendered":"<p>Habilidade\u00a0em\u00a0comunica\u00e7\u00e3o,\u00a0facilidade\u00a0de\u00a0adapta\u00e7\u00e3o\u00a0e\u00a0sede\u00a0por\u00a0conhecimento\u00a0e\u00a0crescimento\u00a0s\u00e3o\u00a0caracter\u00edsticas\u00a0essenciais\u00a0para\u00a0integrar\u00a0o\u00a0nosso\u00a0time. Valorizamos\u00a0profissionais\u00a0que\u00a0demonstrem\u00a0essas\u00a0compet\u00eancias,\u00a0pois\u00a0acreditamos\u00a0que\u00a0elas\u00a0s\u00e3o\u00a0fundamentais\u00a0para\u00a0o\u00a0desenvolvimento\u00a0de\u00a0uma\u00a0carreira\u00a0s\u00f3lida\u00a0e\u00a0duradoura\u00a0dentro\u00a0da\u00a0nossa\u00a0organiza\u00e7\u00e3o. Atividades: Realizar\u00a0vendas\u00a0de\u00a0empr\u00e9stimos,\u00a0cart\u00f5es\u00a0e\u00a0seguros; Prospectar\u00a0novos\u00a0clientes\u00a0e\u00a0manter\u00a0a\u00a0carteira\u00a0ativa; Efetuar\u00a0capta\u00e7\u00e3o\u00a0de\u00a0clientes\u00a0via\u00a0telefone\u00a0(TMK\u00a0ativo). Requisitos: Ensino\u00a0m\u00e9dio\u00a0completo\u00a0ou\u00a0superior\u00a0cursando; Experi\u00eancia\u00a0pr\u00e9via\u00a0com\u00a0vendas\u00a0ou\u00a0em\u00a0cargo\u00a0similar; Dom\u00ednio\u00a0do\u00a0processo\u00a0de\u00a0vendas\u00a0e\u00a0hist\u00f3rico\u00a0comprovado\u00a0de\u00a0resultados; Excelentes\u00a0habilidades\u00a0de\u00a0comunica\u00e7\u00e3o; Desej\u00e1vel:\u00a0possuir\u00a0certifica\u00e7\u00e3o\u00a0ANEPS. Benef\u00edcios: VT\u00a0+\u00a0VR\/VA\u00a0(Wiipo)\u00a0+\u00a0Plano\u00a0de\u00a0Sa\u00fade\u00a0(SulAm\u00e9rica)\u00a0e\u00a0Odontol\u00f3gico\u00a0(Amil)\u00a0+\u00a0TotalPass\u00a0+\u00a0Parceria\u00a0com\u00a0o\u00a0Sesc N\u00famero de vagas: 2 Local de trabalho: Resende, RJ Regime de contrata\u00e7\u00e3o de tipo: Efetivo \u2013 CLT Jornada: Per\u00edodo Integral \u00c1rea e especializa\u00e7\u00e3o profissional: Comercial, Vendas &#8211; Venda Interna N\u00edvel hier\u00e1rquico: Consultor VALORIZADO Tempo de experi\u00eancia: Entre 1 e 3 anos [&hellip;]<\/p>\n","protected":false},"author":1,"featured_media":0,"comment_status":"open","ping_status":"open","sticky":false,"template":"","format":"standard","meta":{"footnotes":""},"categories":[21],"tags":[],"class_list":["post-5138","post","type-post","status-publish","format-standard","hentry","category-rio-de-janeiro-rj"],"_links":{"self":[{"href":"https:\/\/vagas.portalemprego.com.br\/index.php?rest_route=\/wp\/v2\/posts\/5138","targetHints":{"allow":["GET"]}}],"collection":[{"href":"https:\/\/vagas.portalemprego.com.br\/index.php?rest_route=\/wp\/v2\/posts"}],"about":[{"href":"https:\/\/vagas.portalemprego.com.br\/index.php?rest_route=\/wp\/v2\/types\/post"}],"author":[{"embeddable":true,"href":"https:\/\/vagas.portalemprego.com.br\/index.php?rest_route=\/wp\/v2\/users\/1"}],"replies":[{"embeddable":true,"href":"https:\/\/vagas.portalemprego.com.br\/index.php?rest_route=%2Fwp%2Fv2%2Fcomments&post=5138"}],"version-history":[{"count":0,"href":"https:\/\/vagas.portalemprego.com.br\/index.php?rest_route=\/wp\/v2\/posts\/5138\/revisions"}],"wp:attachment":[{"href":"https:\/\/vagas.portalemprego.com.br\/index.php?rest_route=%2Fwp%2Fv2%2Fmedia&parent=5138"}],"wp:term":[{"taxonomy":"category","embeddable":true,"href":"https:\/\/vagas.portalemprego.com.br\/index.php?rest_route=%2Fwp%2Fv2%2Fcategories&post=5138"},{"taxonomy":"post_tag","embeddable":true,"href":"https:\/\/vagas.portalemprego.com.br\/index.php?rest_route=%2Fwp%2Fv2%2Ftags&post=5138"}],"curies":[{"name":"wp","href":"https:\/\/api.w.org\/{rel}","templated":true}]}}