{"id":5140,"date":"2026-04-29T06:23:23","date_gmt":"2026-04-29T09:23:23","guid":{"rendered":"https:\/\/vagas.portalemprego.com.br\/?p=5140"},"modified":"2026-04-29T06:23:23","modified_gmt":"2026-04-29T09:23:23","slug":"encarregado-de-servicos-gerais-servicos-gerais-rio-de-janeiro-2","status":"publish","type":"post","link":"https:\/\/vagas.portalemprego.com.br\/?p=5140","title":{"rendered":"Encarregado de Servi\u00e7os Gerais &#8211; Servi\u00e7os Gerais &#8211; Rio de Janeiro"},"content":{"rendered":"<p>Estamos em busca de um(a) Encarregado(a) de Servi\u00e7os para atuar na gest\u00e3o operacional dos nossos contratos.<br \/>\n?? Responsabilidades:<br \/>\nRealizar visitas peri\u00f3dicas nos contratos;<br \/>\nOrientar e direcionar os colaboradores nas atividades di\u00e1rias;<br \/>\nSanar d\u00favidas e dar suporte \u00e0s equipes;<br \/>\nRealizar convoca\u00e7\u00f5es de coberturas de aus\u00eancias quando necess\u00e1rio;<br \/>\nTreinar novos funcion\u00e1rios;<br \/>\nEmitir relat\u00f3rios de visitas e acompanhar indicadores;<br \/>\nFornecer feedback \u00e0s equipes;<br \/>\nIntermediar conflitos entre colaboradores;<br \/>\nExecutar atividades de limpeza quando necess\u00e1rio.<\/p>\n<ul>\n<li>Local de trabalho: Rio de Janeiro, RJ<\/li>\n<li>Regime de contrata\u00e7\u00e3o de tipo: Efetivo \u2013 CLT<\/li>\n<li>Jornada: Per\u00edodo Integral<\/li>\n<li>\u00c1rea e especializa\u00e7\u00e3o profissional: Servi\u00e7os Gerais &#8211; Limpeza<\/li>\n<li>N\u00edvel hier\u00e1rquico: Encarregado<\/li>\n<\/ul>\n<p>VALORIZADO<\/p>\n<p>Tempo de experi\u00eancia: Entre 3 e 5 anos<\/p>\n<p>Escolaridade M\u00ednima: Ensino M\u00e9dio (2\u00ba Grau)<\/p>\n<ul>\n<li>Vale transporte<\/li>\n<li>Vale alimenta\u00e7\u00e3o<\/li>\n<\/ul>\n<p>Sal\u00e1rio: 2161,45<\/p>\n","protected":false},"excerpt":{"rendered":"<p>Estamos em busca de um(a) Encarregado(a) de Servi\u00e7os para atuar na gest\u00e3o operacional dos nossos contratos. ?? Responsabilidades: Realizar visitas peri\u00f3dicas nos contratos; Orientar e direcionar os colaboradores nas atividades di\u00e1rias; Sanar d\u00favidas e dar suporte \u00e0s equipes; Realizar convoca\u00e7\u00f5es de coberturas de aus\u00eancias quando necess\u00e1rio; Treinar novos funcion\u00e1rios; Emitir relat\u00f3rios de visitas e acompanhar [&hellip;]<\/p>\n","protected":false},"author":1,"featured_media":0,"comment_status":"open","ping_status":"open","sticky":false,"template":"","format":"standard","meta":{"footnotes":""},"categories":[21],"tags":[],"class_list":["post-5140","post","type-post","status-publish","format-standard","hentry","category-rio-de-janeiro-rj"],"_links":{"self":[{"href":"https:\/\/vagas.portalemprego.com.br\/index.php?rest_route=\/wp\/v2\/posts\/5140","targetHints":{"allow":["GET"]}}],"collection":[{"href":"https:\/\/vagas.portalemprego.com.br\/index.php?rest_route=\/wp\/v2\/posts"}],"about":[{"href":"https:\/\/vagas.portalemprego.com.br\/index.php?rest_route=\/wp\/v2\/types\/post"}],"author":[{"embeddable":true,"href":"https:\/\/vagas.portalemprego.com.br\/index.php?rest_route=\/wp\/v2\/users\/1"}],"replies":[{"embeddable":true,"href":"https:\/\/vagas.portalemprego.com.br\/index.php?rest_route=%2Fwp%2Fv2%2Fcomments&post=5140"}],"version-history":[{"count":0,"href":"https:\/\/vagas.portalemprego.com.br\/index.php?rest_route=\/wp\/v2\/posts\/5140\/revisions"}],"wp:attachment":[{"href":"https:\/\/vagas.portalemprego.com.br\/index.php?rest_route=%2Fwp%2Fv2%2Fmedia&parent=5140"}],"wp:term":[{"taxonomy":"category","embeddable":true,"href":"https:\/\/vagas.portalemprego.com.br\/index.php?rest_route=%2Fwp%2Fv2%2Fcategories&post=5140"},{"taxonomy":"post_tag","embeddable":true,"href":"https:\/\/vagas.portalemprego.com.br\/index.php?rest_route=%2Fwp%2Fv2%2Ftags&post=5140"}],"curies":[{"name":"wp","href":"https:\/\/api.w.org\/{rel}","templated":true}]}}