{"id":5141,"date":"2026-04-29T06:23:23","date_gmt":"2026-04-29T09:23:23","guid":{"rendered":"https:\/\/vagas.portalemprego.com.br\/?p=5141"},"modified":"2026-04-29T06:23:23","modified_gmt":"2026-04-29T09:23:23","slug":"operador-de-resposta-a-emergencia-transportes-duque-de-caxias","status":"publish","type":"post","link":"https:\/\/vagas.portalemprego.com.br\/?p=5141","title":{"rendered":"Operador de Resposta a Emergencia &#8211; Transportes &#8211; Duque de Caxias"},"content":{"rendered":"<p>Opera equipamentos de conten\u00e7\u00e3o no atendimento de emerg\u00eancia no combate ao derrame de \u00f3leo no meio ambiente;<br \/>\nAtua como agente multiplicador no treinamento e lideran\u00e7a de operadores n\u00e3o habilitados (comunidade e assemelhados) no atendimento das emerg\u00eancias;<br \/>\nAuxilia no conjunto de a\u00e7\u00f5es para o atendimento de emerg\u00eancia, selecionando, carregando e transportando equipamentos atrav\u00e9s de ve\u00edculos e embarca\u00e7\u00f5es, efetuando o traslado do pessoal;<br \/>\nExecuta o carregamento de materiais selecionados para a opera\u00e7\u00e3o;<br \/>\nExecuta a manuten\u00e7\u00e3o preventiva e corretiva dos equipamentos lotados nos CDA.<br \/>\nAtende prontamente o telefone de \u201cEMERG\u00caNCIA\u201d, registrando os dados da ocorr\u00eancia e notificando o respons\u00e1vel imediato;<br \/>\nParticipa de treinamentos das \u00e1reas de seguran\u00e7a do trabalho, sa\u00fade e meio ambiente;<br \/>\nParticipa de treinamentos operacionais internos e externos, bem como dos simulados de atendimentos \u00e0 emerg\u00eancias;<br \/>\nCuida de sua sa\u00fade e seguran\u00e7a no trabalho, utilizando adequadamente e mantendo higienizado os EPI\u00b4s;<br \/>\nAssegura o sigilo de todas as informa\u00e7\u00f5es referentes a empresa e o Cliente;<br \/>\nCumpre as normas e regulamentos da empresa e do Cliente;<br \/>\nMant\u00e9m limpo e organizado o local de trabalho, bem como os equipamentos, ferramentas e materiais.<\/p>\n<ul>\n<li>N\u00famero de vagas: 5<\/li>\n<li>Local de trabalho: Duque de Caxias, RJ<\/li>\n<li>Regime de contrata\u00e7\u00e3o de tipo: Efetivo \u2013 CLT<\/li>\n<li>Jornada: Per\u00edodo Integral<\/li>\n<li>\u00c1rea e especializa\u00e7\u00e3o profissional: Transportes &#8211; Marinheiro<\/li>\n<li>N\u00edvel hier\u00e1rquico: Operacional<\/li>\n<\/ul>\n<p>VALORIZADO<\/p>\n<p>Tempo de experi\u00eancia: Entre 1 e 3 anos<\/p>\n<p>HABILIDADES<\/p>\n<ul>\n<li>Curso de combate a inc\u00eandio;<\/li>\n<li>Curso de dire\u00e7\u00e3o defensiva;<\/li>\n<li>Habilita\u00e7\u00e3o legal e t\u00e9cnica para conduzir e operar ve\u00edculos mar\u00edtimos (CIR);<\/li>\n<li>Experi\u00eancia comprovada de 1 (um) ano na \u00e1rea de combate a emerg\u00eancia ambiental por vazamento de petr\u00f3leo e derivados;<\/li>\n<li>Certificado do curso First Responder (padr\u00e3o IMO ou ministrado por empresa credenciada pela IMO);<\/li>\n<li>Curso de primeiros socorros;<\/li>\n<li>Habilita\u00e7\u00e3o legal e t\u00e9cnica para opera\u00e7\u00e3o de munck.<\/li>\n<\/ul>\n<p>Escolaridade M\u00ednima: Ensino M\u00e9dio (2\u00ba Grau)<\/p>\n<p>Forma\u00e7\u00e3o desejada:<\/p>\n<ul>\n<li>Ensino M\u00e9dio (2\u00ba Grau)<\/li>\n<\/ul>\n<p>Habilita\u00e7\u00e3o para dirigir: B, D<\/p>\n<ul>\n<li>Vale-alimenta\u00e7\u00e3o<\/li>\n<li>Vale-refei\u00e7\u00e3o<\/li>\n<li>Vale-transporte<\/li>\n<li>Assist\u00eancia m\u00e9dica<\/li>\n<li>Assist\u00eancia odontol\u00f3gica<\/li>\n<li>Seguro de Vida<\/li>\n<li>Cart\u00e3o Farm\u00e1cia<\/li>\n<li>Totalpass<\/li>\n<\/ul>\n<p>Sal\u00e1rio: 2396,28<\/p>\n","protected":false},"excerpt":{"rendered":"<p>Opera equipamentos de conten\u00e7\u00e3o no atendimento de emerg\u00eancia no combate ao derrame de \u00f3leo no meio ambiente; Atua como agente multiplicador no treinamento e lideran\u00e7a de operadores n\u00e3o habilitados (comunidade e assemelhados) no atendimento das emerg\u00eancias; Auxilia no conjunto de a\u00e7\u00f5es para o atendimento de emerg\u00eancia, selecionando, carregando e transportando equipamentos atrav\u00e9s de ve\u00edculos e [&hellip;]<\/p>\n","protected":false},"author":1,"featured_media":0,"comment_status":"open","ping_status":"open","sticky":false,"template":"","format":"standard","meta":{"footnotes":""},"categories":[21],"tags":[],"class_list":["post-5141","post","type-post","status-publish","format-standard","hentry","category-rio-de-janeiro-rj"],"_links":{"self":[{"href":"https:\/\/vagas.portalemprego.com.br\/index.php?rest_route=\/wp\/v2\/posts\/5141","targetHints":{"allow":["GET"]}}],"collection":[{"href":"https:\/\/vagas.portalemprego.com.br\/index.php?rest_route=\/wp\/v2\/posts"}],"about":[{"href":"https:\/\/vagas.portalemprego.com.br\/index.php?rest_route=\/wp\/v2\/types\/post"}],"author":[{"embeddable":true,"href":"https:\/\/vagas.portalemprego.com.br\/index.php?rest_route=\/wp\/v2\/users\/1"}],"replies":[{"embeddable":true,"href":"https:\/\/vagas.portalemprego.com.br\/index.php?rest_route=%2Fwp%2Fv2%2Fcomments&post=5141"}],"version-history":[{"count":0,"href":"https:\/\/vagas.portalemprego.com.br\/index.php?rest_route=\/wp\/v2\/posts\/5141\/revisions"}],"wp:attachment":[{"href":"https:\/\/vagas.portalemprego.com.br\/index.php?rest_route=%2Fwp%2Fv2%2Fmedia&parent=5141"}],"wp:term":[{"taxonomy":"category","embeddable":true,"href":"https:\/\/vagas.portalemprego.com.br\/index.php?rest_route=%2Fwp%2Fv2%2Fcategories&post=5141"},{"taxonomy":"post_tag","embeddable":true,"href":"https:\/\/vagas.portalemprego.com.br\/index.php?rest_route=%2Fwp%2Fv2%2Ftags&post=5141"}],"curies":[{"name":"wp","href":"https:\/\/api.w.org\/{rel}","templated":true}]}}