{"id":5145,"date":"2026-04-29T06:23:23","date_gmt":"2026-04-29T09:23:23","guid":{"rendered":"https:\/\/vagas.portalemprego.com.br\/?p=5145"},"modified":"2026-04-29T06:23:23","modified_gmt":"2026-04-29T09:23:23","slug":"motorista-carreteiro-transportes-santa-cruz","status":"publish","type":"post","link":"https:\/\/vagas.portalemprego.com.br\/?p=5145","title":{"rendered":"Motorista Carreteiro &#8211; Transportes &#8211; Santa Cruz"},"content":{"rendered":"<p>Transportar produtos e cargas;<br \/>\nCondu\u00e7\u00e3o de ve\u00edculos tipo sider, grade alta e\/ou grade baixa.<br \/>\nRespons\u00e1vel pela carga do caminh\u00e3o em rota;<br \/>\nVerificar trajetos assegurando a regularidade do transporte, garantindo que as atividades ser\u00e3o desenvolvidas de acordo com as normas de seguran\u00e7a da empresa;<\/p>\n<ul>\n<li>N\u00famero de vagas: 3<\/li>\n<li>Local de trabalho: Santa Cruz, RJ<\/li>\n<li>Regime de contrata\u00e7\u00e3o de tipo: Efetivo \u2013 CLT<\/li>\n<li>Jornada: Parcial manh\u00e3s<\/li>\n<li>\u00c1rea e especializa\u00e7\u00e3o profissional: Transportes &#8211; Motorista<\/li>\n<li>N\u00edvel hier\u00e1rquico: Operacional<\/li>\n<\/ul>\n<p>VALORIZADO<\/p>\n<p>Tempo de experi\u00eancia: Entre 1 e 3 anos<\/p>\n<p>Escolaridade M\u00ednima: Ensino Fundamental (1\u00ba grau)<\/p>\n<p>Habilita\u00e7\u00e3o para dirigir: E<\/p>\n<p>Disponibilidade para viajar<\/p>\n<ul>\n<li>Seguro de Vida<\/li>\n<li>Assist\u00eancia m\u00e9dica<\/li>\n<li>Assist\u00eancia odontol\u00f3gica<\/li>\n<li>Vale-refei\u00e7\u00e3o<\/li>\n<li>PPR<\/li>\n<li>Vale-alimenta\u00e7\u00e3o<\/li>\n<li>B\u00f4nus<\/li>\n<li>Aux\u00edlio combust\u00edvel<\/li>\n<li>Vale-transporte<\/li>\n<li>Di\u00e1ria<\/li>\n<li>TotalPass<\/li>\n<\/ul>\n","protected":false},"excerpt":{"rendered":"<p>Transportar produtos e cargas; Condu\u00e7\u00e3o de ve\u00edculos tipo sider, grade alta e\/ou grade baixa. Respons\u00e1vel pela carga do caminh\u00e3o em rota; Verificar trajetos assegurando a regularidade do transporte, garantindo que as atividades ser\u00e3o desenvolvidas de acordo com as normas de seguran\u00e7a da empresa; N\u00famero de vagas: 3 Local de trabalho: Santa Cruz, RJ Regime de [&hellip;]<\/p>\n","protected":false},"author":1,"featured_media":0,"comment_status":"open","ping_status":"open","sticky":false,"template":"","format":"standard","meta":{"footnotes":""},"categories":[21],"tags":[],"class_list":["post-5145","post","type-post","status-publish","format-standard","hentry","category-rio-de-janeiro-rj"],"_links":{"self":[{"href":"https:\/\/vagas.portalemprego.com.br\/index.php?rest_route=\/wp\/v2\/posts\/5145","targetHints":{"allow":["GET"]}}],"collection":[{"href":"https:\/\/vagas.portalemprego.com.br\/index.php?rest_route=\/wp\/v2\/posts"}],"about":[{"href":"https:\/\/vagas.portalemprego.com.br\/index.php?rest_route=\/wp\/v2\/types\/post"}],"author":[{"embeddable":true,"href":"https:\/\/vagas.portalemprego.com.br\/index.php?rest_route=\/wp\/v2\/users\/1"}],"replies":[{"embeddable":true,"href":"https:\/\/vagas.portalemprego.com.br\/index.php?rest_route=%2Fwp%2Fv2%2Fcomments&post=5145"}],"version-history":[{"count":0,"href":"https:\/\/vagas.portalemprego.com.br\/index.php?rest_route=\/wp\/v2\/posts\/5145\/revisions"}],"wp:attachment":[{"href":"https:\/\/vagas.portalemprego.com.br\/index.php?rest_route=%2Fwp%2Fv2%2Fmedia&parent=5145"}],"wp:term":[{"taxonomy":"category","embeddable":true,"href":"https:\/\/vagas.portalemprego.com.br\/index.php?rest_route=%2Fwp%2Fv2%2Fcategories&post=5145"},{"taxonomy":"post_tag","embeddable":true,"href":"https:\/\/vagas.portalemprego.com.br\/index.php?rest_route=%2Fwp%2Fv2%2Ftags&post=5145"}],"curies":[{"name":"wp","href":"https:\/\/api.w.org\/{rel}","templated":true}]}}