{"id":5147,"date":"2026-04-29T06:23:23","date_gmt":"2026-04-29T09:23:23","guid":{"rendered":"https:\/\/vagas.portalemprego.com.br\/?p=5147"},"modified":"2026-04-29T06:23:23","modified_gmt":"2026-04-29T09:23:23","slug":"coordenador-pedagogico-a-educacao-ensino-idiomas-rio-de-janeiro","status":"publish","type":"post","link":"https:\/\/vagas.portalemprego.com.br\/?p=5147","title":{"rendered":"COORDENADOR PEDAGOGICO (a) &#8211; Educa\u00e7\u00e3o, Ensino, Idiomas &#8211; Rio de Janeiro"},"content":{"rendered":"<p>Responsabilidades<br \/>\nAcompanhar, orientar e supervisionar o trabalho pedag\u00f3gico dos professores do Fundamental I e II.<br \/>\nPlanejar, implementar e avaliar projetos pedag\u00f3gicos alinhados \u00e0 BNCC.<br \/>\nRealizar acompanhamento sistem\u00e1tico do desempenho acad\u00eamico, propondo interven\u00e7\u00f5es.<br \/>\nConduzir reuni\u00f5es pedag\u00f3gicas, forma\u00e7\u00f5es continuadas e acompanhamento individual de docentes.<br \/>\nFacilitar a comunica\u00e7\u00e3o entre equipe pedag\u00f3gica, professores, dire\u00e7\u00e3o e fam\u00edlias.<br \/>\nAnalisar planejamentos, planos de aula e avalia\u00e7\u00f5es.<br \/>\nPromover pr\u00e1ticas pedag\u00f3gicas inovadoras e estrat\u00e9gias para melhoria do processo ensino\u2013aprendizagem.<br \/>\nMonitorar indicadores de aprendizagem (avalia\u00e7\u00f5es internas e externas).<br \/>\nApoiar na gest\u00e3o de comportamento, quest\u00f5es disciplinares e media\u00e7\u00e3o de conflitos.<br \/>\nGarantir a aplica\u00e7\u00e3o dos materiais did\u00e1ticos e metodologias adotadas pela escola.<br \/>\nAcompanhar projetos institucionais, eventos escolares e a\u00e7\u00f5es socioemocionais.<br \/>\nRequisitos<br \/>\nLicenciatura completa (Pedagogia ou \u00e1reas afins).<br \/>\nP\u00f3s-gradua\u00e7\u00e3o em Gest\u00e3o Escolar, Supervis\u00e3o ou Coordena\u00e7\u00e3o Pedag\u00f3gica (desej\u00e1vel).<br \/>\nExperi\u00eancia pr\u00e9via como docente e\/ou coordena\u00e7\u00e3o nos anos iniciais e finais.<br \/>\nConhecimento s\u00f3lido da BNCC, metodologias ativas e avalia\u00e7\u00e3o formativa.<br \/>\nHabilidade em media\u00e7\u00e3o, comunica\u00e7\u00e3o e lideran\u00e7a.<br \/>\nOrganiza\u00e7\u00e3o, proatividade e capacidade de trabalhar em equipe.<br \/>\nHabilidades T\u00e9cnicas e Comportamentais<br \/>\nGest\u00e3o de sala de aula e acompanhamento docente.<br \/>\nDom\u00ednio de ferramentas pedag\u00f3gicas e tecnologias educacionais.<br \/>\nRacioc\u00ednio cr\u00edtico, escuta ativa e postura acolhedora.<br \/>\nGest\u00e3o de conflitos e tomada de decis\u00e3o.<\/p>\n<ul>\n<li>N\u00famero de vagas: 2<\/li>\n<li>Local de trabalho: Rio de Janeiro, RJ<\/li>\n<li>Regime de contrata\u00e7\u00e3o de tipo: Efetivo \u2013 CLT<\/li>\n<li>Jornada: Per\u00edodo Integral<\/li>\n<li>\u00c1rea e especializa\u00e7\u00e3o profissional: Educa\u00e7\u00e3o, Ensino, Idiomas &#8211; Educa\u00e7\u00e3o Infantil<\/li>\n<li>N\u00edvel hier\u00e1rquico: Coordenador<\/li>\n<\/ul>\n<p>VALORIZADO<\/p>\n<p>Tempo de experi\u00eancia: Entre 1 e 3 anos<\/p>\n<p>Escolaridade M\u00ednima: P\u00f3s-gradua\u00e7\u00e3o &#8211; Especializa\u00e7\u00e3o\/MBA<\/p>\n<p>Sal\u00e1rio: 4512,15<\/p>\n","protected":false},"excerpt":{"rendered":"<p>Responsabilidades Acompanhar, orientar e supervisionar o trabalho pedag\u00f3gico dos professores do Fundamental I e II. Planejar, implementar e avaliar projetos pedag\u00f3gicos alinhados \u00e0 BNCC. Realizar acompanhamento sistem\u00e1tico do desempenho acad\u00eamico, propondo interven\u00e7\u00f5es. Conduzir reuni\u00f5es pedag\u00f3gicas, forma\u00e7\u00f5es continuadas e acompanhamento individual de docentes. Facilitar a comunica\u00e7\u00e3o entre equipe pedag\u00f3gica, professores, dire\u00e7\u00e3o e fam\u00edlias. Analisar planejamentos, planos [&hellip;]<\/p>\n","protected":false},"author":1,"featured_media":0,"comment_status":"open","ping_status":"open","sticky":false,"template":"","format":"standard","meta":{"footnotes":""},"categories":[21],"tags":[],"class_list":["post-5147","post","type-post","status-publish","format-standard","hentry","category-rio-de-janeiro-rj"],"_links":{"self":[{"href":"https:\/\/vagas.portalemprego.com.br\/index.php?rest_route=\/wp\/v2\/posts\/5147","targetHints":{"allow":["GET"]}}],"collection":[{"href":"https:\/\/vagas.portalemprego.com.br\/index.php?rest_route=\/wp\/v2\/posts"}],"about":[{"href":"https:\/\/vagas.portalemprego.com.br\/index.php?rest_route=\/wp\/v2\/types\/post"}],"author":[{"embeddable":true,"href":"https:\/\/vagas.portalemprego.com.br\/index.php?rest_route=\/wp\/v2\/users\/1"}],"replies":[{"embeddable":true,"href":"https:\/\/vagas.portalemprego.com.br\/index.php?rest_route=%2Fwp%2Fv2%2Fcomments&post=5147"}],"version-history":[{"count":0,"href":"https:\/\/vagas.portalemprego.com.br\/index.php?rest_route=\/wp\/v2\/posts\/5147\/revisions"}],"wp:attachment":[{"href":"https:\/\/vagas.portalemprego.com.br\/index.php?rest_route=%2Fwp%2Fv2%2Fmedia&parent=5147"}],"wp:term":[{"taxonomy":"category","embeddable":true,"href":"https:\/\/vagas.portalemprego.com.br\/index.php?rest_route=%2Fwp%2Fv2%2Fcategories&post=5147"},{"taxonomy":"post_tag","embeddable":true,"href":"https:\/\/vagas.portalemprego.com.br\/index.php?rest_route=%2Fwp%2Fv2%2Ftags&post=5147"}],"curies":[{"name":"wp","href":"https:\/\/api.w.org\/{rel}","templated":true}]}}