{"id":5148,"date":"2026-04-29T06:23:23","date_gmt":"2026-04-29T09:23:23","guid":{"rendered":"https:\/\/vagas.portalemprego.com.br\/?p=5148"},"modified":"2026-04-29T06:23:23","modified_gmt":"2026-04-29T09:23:23","slug":"analista-financeiro-contabil-financas-economia-rio-de-janeiro-7","status":"publish","type":"post","link":"https:\/\/vagas.portalemprego.com.br\/?p=5148","title":{"rendered":"Analista Financeiro &#8211; Cont\u00e1bil, Finan\u00e7as, Economia &#8211; Rio de Janeiro"},"content":{"rendered":"<p>A Talentos Consultoria est\u00e1 em busca de um Analista Financeiro para atuar em um de nossos clientes. Procuramos um(a) profissional respons\u00e1vel, organizado(a), comunicativo(a) e com perfil anal\u00edtico, capaz de lidar com rotinas financeiras variadas, manter controles precisos e apoiar a empresa na tomada de decis\u00f5es.<\/p>\n<p>Responsabilidades:<br \/>\nRealizar lan\u00e7amentos financeiros di\u00e1rios no sistema.<br \/>\nEfetuar concilia\u00e7\u00f5es banc\u00e1rias, confer\u00eancia de extratos e identifica\u00e7\u00e3o de diverg\u00eancias.<br \/>\nControlar contas a pagar e contas a receber, garantindo pagamentos dentro dos prazos.<br \/>\nAcompanhar fluxo de caixa, entradas, sa\u00eddas e proje\u00e7\u00f5es financeiras.<br \/>\nElaborar relat\u00f3rios, indicadores, gr\u00e1ficos e an\u00e1lises mensais.<br \/>\nConferir e cadastrar notas fiscais de entrada e sa\u00edda.<br \/>\nApoiar o fechamento financeiro semanal e mensal.<br \/>\nManter comunica\u00e7\u00e3o com o setor cont\u00e1bil e fiscal.<br \/>\nControlar ISS, boletos, comprovantes e documentos financeiros.<br \/>\nCriar e aprimorar planilhas de controle (Excel).<br \/>\nImplementar melhorias nos processos financeiros internos.<br \/>\nOrganizar documentos e informa\u00e7\u00f5es conforme normas e pol\u00edticas da empresa.<\/p>\n<p>Requisitos:<br \/>\nEnsino Superior em Administra\u00e7\u00e3o, Gest\u00e3o Financeira, Economia ou Ci\u00eancias Cont\u00e1beis.<br \/>\nExperi\u00eancia m\u00ednima de 3 anos na \u00e1rea financeira.<br \/>\nExcel intermedi\u00e1rio<br \/>\nConhecimento em concilia\u00e7\u00f5es, fluxo de caixa, contas a pagar e receber.<br \/>\nViv\u00eancia com sistemas financeiros ou ERP.<br \/>\nExperi\u00eancia com emiss\u00e3o e confer\u00eancia de notas fiscais.<\/p>\n<ul>\n<li>Local de trabalho: Rio de Janeiro, RJ<\/li>\n<li>Regime de contrata\u00e7\u00e3o de tipo: Efetivo \u2013 CLT<\/li>\n<li>Jornada: Per\u00edodo Integral<\/li>\n<li>\u00c1rea e especializa\u00e7\u00e3o profissional: Cont\u00e1bil, Finan\u00e7as, Economia &#8211; Finan\u00e7as<\/li>\n<li>N\u00edvel hier\u00e1rquico: Analista<\/li>\n<\/ul>\n<p>VALORIZADO<\/p>\n<p>Tempo de experi\u00eancia: Entre 3 e 5 anos<\/p>\n<p>Escolaridade M\u00ednima: Ensino Superior<\/p>\n<p>Forma\u00e7\u00e3o desejada:<\/p>\n<ul>\n<li>Economia, Ensino Superior<\/li>\n<li>Administra\u00e7\u00e3o de empresas, Ensino Superior<\/li>\n<li>Gest\u00e3o Financeira, Ensino Superior<\/li>\n<\/ul>\n<ul>\n<li>Vale-transporte<\/li>\n<li>Refei\u00e7\u00e3o no local<\/li>\n<\/ul>\n<p>Sal\u00e1rio: 3000,0<\/p>\n","protected":false},"excerpt":{"rendered":"<p>A Talentos Consultoria est\u00e1 em busca de um Analista Financeiro para atuar em um de nossos clientes. Procuramos um(a) profissional respons\u00e1vel, organizado(a), comunicativo(a) e com perfil anal\u00edtico, capaz de lidar com rotinas financeiras variadas, manter controles precisos e apoiar a empresa na tomada de decis\u00f5es. Responsabilidades: Realizar lan\u00e7amentos financeiros di\u00e1rios no sistema. Efetuar concilia\u00e7\u00f5es banc\u00e1rias, [&hellip;]<\/p>\n","protected":false},"author":1,"featured_media":0,"comment_status":"open","ping_status":"open","sticky":false,"template":"","format":"standard","meta":{"footnotes":""},"categories":[21],"tags":[],"class_list":["post-5148","post","type-post","status-publish","format-standard","hentry","category-rio-de-janeiro-rj"],"_links":{"self":[{"href":"https:\/\/vagas.portalemprego.com.br\/index.php?rest_route=\/wp\/v2\/posts\/5148","targetHints":{"allow":["GET"]}}],"collection":[{"href":"https:\/\/vagas.portalemprego.com.br\/index.php?rest_route=\/wp\/v2\/posts"}],"about":[{"href":"https:\/\/vagas.portalemprego.com.br\/index.php?rest_route=\/wp\/v2\/types\/post"}],"author":[{"embeddable":true,"href":"https:\/\/vagas.portalemprego.com.br\/index.php?rest_route=\/wp\/v2\/users\/1"}],"replies":[{"embeddable":true,"href":"https:\/\/vagas.portalemprego.com.br\/index.php?rest_route=%2Fwp%2Fv2%2Fcomments&post=5148"}],"version-history":[{"count":0,"href":"https:\/\/vagas.portalemprego.com.br\/index.php?rest_route=\/wp\/v2\/posts\/5148\/revisions"}],"wp:attachment":[{"href":"https:\/\/vagas.portalemprego.com.br\/index.php?rest_route=%2Fwp%2Fv2%2Fmedia&parent=5148"}],"wp:term":[{"taxonomy":"category","embeddable":true,"href":"https:\/\/vagas.portalemprego.com.br\/index.php?rest_route=%2Fwp%2Fv2%2Fcategories&post=5148"},{"taxonomy":"post_tag","embeddable":true,"href":"https:\/\/vagas.portalemprego.com.br\/index.php?rest_route=%2Fwp%2Fv2%2Ftags&post=5148"}],"curies":[{"name":"wp","href":"https:\/\/api.w.org\/{rel}","templated":true}]}}