{"id":5152,"date":"2026-04-29T06:23:23","date_gmt":"2026-04-29T09:23:23","guid":{"rendered":"https:\/\/vagas.portalemprego.com.br\/?p=5152"},"modified":"2026-04-29T06:23:23","modified_gmt":"2026-04-29T09:23:23","slug":"coordenadora-de-recursos-humanos-recursos-humanos-rio-de-janeiro","status":"publish","type":"post","link":"https:\/\/vagas.portalemprego.com.br\/?p=5152","title":{"rendered":"Coordenador(a) de Recursos Humanos &#8211; Recursos Humanos &#8211; Rio de Janeiro"},"content":{"rendered":"<p>Coordenador(a)\u00a0de\u00a0Recursos\u00a0Humanos\u00a0|\u00a0RJ<br \/>\nEstamos em busca de Coordenador(a)\u00a0de\u00a0Recursos\u00a0Humanos\u00a0|\u00a0RJ para atuar em um de nossos clientes. Empresa nacional de m\u00e9dio porte, com cultura colaborativa, foco em excel\u00eancia, orienta\u00e7\u00e3o para resultados e constru\u00e7\u00e3o de rela\u00e7\u00f5es duradouras com clientes e colaboradores.<\/p>\n<p>Principais Responsabilidades<br \/>\nCoordenar a \u00e1rea de RH e assegurar a execu\u00e7\u00e3o de processos e padr\u00f5es internos.<br \/>\nCoordenar o processo de Recrutamento e Sele\u00e7\u00e3o em grande escala.<br \/>\nDesenvolver a\u00e7\u00f5es de Treinamento &amp; Desenvolvimento, clima organizacional, comunica\u00e7\u00e3o e eventos.<br \/>\nGerir e acompanhar KPIs estrat\u00e9gicos da \u00e1rea.<br \/>\nIdentificar causas de poss\u00edveis problemas e conduzir planos de a\u00e7\u00e3o baseado em ferramentas da qualidade.<br \/>\nReportar resultados periodicamente \u00e0 alta gest\u00e3o.<br \/>\nFortalecer o relacionamento com clientes internos e externos.<\/p>\n<p>Requisitos:<br \/>\nSuperior completo em Administra\u00e7\u00e3o, Psicologia ou Gest\u00e3o de RH.<br \/>\nExperi\u00eancia s\u00f3lida na Coordena\u00e7\u00e3o de times RH;<br \/>\nViv\u00eancia com rotina de alta demanda de Recrutamento e Sele\u00e7\u00e3o.<br \/>\nCapacidade anal\u00edtica e dom\u00ednio de ferramentas da qualidade.<br \/>\nPacote Office intermedi\u00e1rio.<br \/>\nDesej\u00e1vel:<br \/>\nP\u00f3s-gradua\u00e7\u00e3o em RH, Gest\u00e3o de Pessoas ou \u00e1reas correlatas.<\/p>\n<p>Regime de contrata\u00e7\u00e3o: CLT<br \/>\nEmpresa: Confidencial (Ser\u00e1 divulgada ao longo do processo).<\/p>\n<ul>\n<li>Local de trabalho: Rio de Janeiro, RJ<\/li>\n<li>Regime de contrata\u00e7\u00e3o de tipo: Efetivo \u2013 CLT<\/li>\n<li>Jornada: Per\u00edodo Integral<\/li>\n<li>\u00c1rea e especializa\u00e7\u00e3o profissional: Recursos Humanos &#8211; Recursos Humanos (Generalista)<\/li>\n<li>N\u00edvel hier\u00e1rquico: Coordenador<\/li>\n<\/ul>\n<p>VALORIZADO<\/p>\n<p>Tempo de experi\u00eancia: Entre 3 e 5 anos<\/p>\n<p>HABILIDADES<\/p>\n<ul>\n<li>Coordena\u00e7\u00e3o de RH<\/li>\n<li>recrutamento e sele\u00e7\u00e3o<\/li>\n<li>gest\u00e3o de RH<\/li>\n<li>Desenvolvimento de lideran\u00e7as<\/li>\n<li>Treinamento e desenvolvimento<\/li>\n<\/ul>\n<p>Escolaridade M\u00ednima: Ensino Superior<\/p>\n<ul>\n<li>Vale Alimenta\u00e7\u00e3o<\/li>\n<li>Vale refei\u00e7\u00e3o<\/li>\n<li>Plano de Sa\u00fade<\/li>\n<\/ul>\n","protected":false},"excerpt":{"rendered":"<p>Coordenador(a)\u00a0de\u00a0Recursos\u00a0Humanos\u00a0|\u00a0RJ Estamos em busca de Coordenador(a)\u00a0de\u00a0Recursos\u00a0Humanos\u00a0|\u00a0RJ para atuar em um de nossos clientes. Empresa nacional de m\u00e9dio porte, com cultura colaborativa, foco em excel\u00eancia, orienta\u00e7\u00e3o para resultados e constru\u00e7\u00e3o de rela\u00e7\u00f5es duradouras com clientes e colaboradores. Principais Responsabilidades Coordenar a \u00e1rea de RH e assegurar a execu\u00e7\u00e3o de processos e padr\u00f5es internos. Coordenar o processo [&hellip;]<\/p>\n","protected":false},"author":1,"featured_media":0,"comment_status":"open","ping_status":"open","sticky":false,"template":"","format":"standard","meta":{"footnotes":""},"categories":[21],"tags":[],"class_list":["post-5152","post","type-post","status-publish","format-standard","hentry","category-rio-de-janeiro-rj"],"_links":{"self":[{"href":"https:\/\/vagas.portalemprego.com.br\/index.php?rest_route=\/wp\/v2\/posts\/5152","targetHints":{"allow":["GET"]}}],"collection":[{"href":"https:\/\/vagas.portalemprego.com.br\/index.php?rest_route=\/wp\/v2\/posts"}],"about":[{"href":"https:\/\/vagas.portalemprego.com.br\/index.php?rest_route=\/wp\/v2\/types\/post"}],"author":[{"embeddable":true,"href":"https:\/\/vagas.portalemprego.com.br\/index.php?rest_route=\/wp\/v2\/users\/1"}],"replies":[{"embeddable":true,"href":"https:\/\/vagas.portalemprego.com.br\/index.php?rest_route=%2Fwp%2Fv2%2Fcomments&post=5152"}],"version-history":[{"count":0,"href":"https:\/\/vagas.portalemprego.com.br\/index.php?rest_route=\/wp\/v2\/posts\/5152\/revisions"}],"wp:attachment":[{"href":"https:\/\/vagas.portalemprego.com.br\/index.php?rest_route=%2Fwp%2Fv2%2Fmedia&parent=5152"}],"wp:term":[{"taxonomy":"category","embeddable":true,"href":"https:\/\/vagas.portalemprego.com.br\/index.php?rest_route=%2Fwp%2Fv2%2Fcategories&post=5152"},{"taxonomy":"post_tag","embeddable":true,"href":"https:\/\/vagas.portalemprego.com.br\/index.php?rest_route=%2Fwp%2Fv2%2Ftags&post=5152"}],"curies":[{"name":"wp","href":"https:\/\/api.w.org\/{rel}","templated":true}]}}