{"id":5154,"date":"2026-04-29T06:23:23","date_gmt":"2026-04-29T09:23:23","guid":{"rendered":"https:\/\/vagas.portalemprego.com.br\/?p=5154"},"modified":"2026-04-29T06:23:23","modified_gmt":"2026-04-29T09:23:23","slug":"advogada-juridica-rio-de-janeiro","status":"publish","type":"post","link":"https:\/\/vagas.portalemprego.com.br\/?p=5154","title":{"rendered":"ADVOGADA &#8211; Jur\u00eddica &#8211; Rio de Janeiro"},"content":{"rendered":"<p>Oportunidade de Carreira para Advogada<br \/>\nEstamos em busca de uma profissional qualificada e experiente para se juntar ao nosso escrit\u00f3rio de advocacia.Buscamos uma advogada que demonstre n\u00e3o apenas compet\u00eancia t\u00e9cnica, mas tamb\u00e9m comprometimento com a excel\u00eancia em servi\u00e7os jur\u00eddicos.A posi\u00e7\u00e3o exige uma advogada que tenha uma s\u00f3lida forma\u00e7\u00e3o acad\u00eamica e uma trajet\u00f3ria de sucesso em \u00e1reas como direito civil, trabalhista ou empresarial.<br \/>\nO candidato ideal dever\u00e1 ter, no m\u00ednimo, cinco anos de experi\u00eancia em pr\u00e1tica jur\u00eddica, com um hist\u00f3rico comprovado de atua\u00e7\u00e3o em casos complexos e de grande relev\u00e2ncia.\u00c9 essencial que a advogada possua habilidades de an\u00e1lise jur\u00eddica apuradas, capacidade de argumenta\u00e7\u00e3o persuasiva e uma vis\u00e3o estrat\u00e9gica para o desenvolvimento de casos.<br \/>\nAl\u00e9m da expertise t\u00e9cnica, buscamos algu\u00e9m que tenha uma comunica\u00e7\u00e3o clara e eficaz, com habilidades de negocia\u00e7\u00e3o e resolu\u00e7\u00e3o de conflitos.A advogada dever\u00e1 trabalhar em equipe, colaborando com outros profissionais do escrit\u00f3rio e mantendo um alto n\u00edvel de \u00e9tica e confidencialidade.<br \/>\nO escrit\u00f3rio valoriza a inova\u00e7\u00e3o e a adapta\u00e7\u00e3o \u00e0s novas tend\u00eancias do mercado jur\u00eddico, e espera que a advogada esteja disposta a aprender e a se desenvolver continuamente.O ambiente de trabalho \u00e9 din\u00e2mico e desafiador, onde cada caso \u00e9 uma oportunidade para fazer a diferen\u00e7a.<br \/>\nSe voc\u00ea \u00e9 uma advogada que busca um ambiente de trabalho que valorize o seu talento e comprometimento, esta \u00e9 uma oportunidade para se destacar.Junte-se a n\u00f3s e fa\u00e7a parte de um time que se dedica a defender os direitos de seus clientes com excel\u00eancia e comprometimento.<\/p>\n<ul>\n<li>Local de trabalho: Rio de Janeiro, RJ<\/li>\n<li>Regime de contrata\u00e7\u00e3o de tipo: Prestador de Servi\u00e7os (PJ)<\/li>\n<li>Jornada: Per\u00edodo Integral<\/li>\n<li>\u00c1rea e especializa\u00e7\u00e3o profissional: Jur\u00eddica &#8211; Trabalhista<\/li>\n<li>N\u00edvel hier\u00e1rquico: Especialista<\/li>\n<\/ul>\n<p>Escolaridade M\u00ednima: Ensino Superior<\/p>\n<p>Sal\u00e1rio: 35000,0<\/p>\n","protected":false},"excerpt":{"rendered":"<p>Oportunidade de Carreira para Advogada Estamos em busca de uma profissional qualificada e experiente para se juntar ao nosso escrit\u00f3rio de advocacia.Buscamos uma advogada que demonstre n\u00e3o apenas compet\u00eancia t\u00e9cnica, mas tamb\u00e9m comprometimento com a excel\u00eancia em servi\u00e7os jur\u00eddicos.A posi\u00e7\u00e3o exige uma advogada que tenha uma s\u00f3lida forma\u00e7\u00e3o acad\u00eamica e uma trajet\u00f3ria de sucesso em [&hellip;]<\/p>\n","protected":false},"author":1,"featured_media":0,"comment_status":"open","ping_status":"open","sticky":false,"template":"","format":"standard","meta":{"footnotes":""},"categories":[21],"tags":[],"class_list":["post-5154","post","type-post","status-publish","format-standard","hentry","category-rio-de-janeiro-rj"],"_links":{"self":[{"href":"https:\/\/vagas.portalemprego.com.br\/index.php?rest_route=\/wp\/v2\/posts\/5154","targetHints":{"allow":["GET"]}}],"collection":[{"href":"https:\/\/vagas.portalemprego.com.br\/index.php?rest_route=\/wp\/v2\/posts"}],"about":[{"href":"https:\/\/vagas.portalemprego.com.br\/index.php?rest_route=\/wp\/v2\/types\/post"}],"author":[{"embeddable":true,"href":"https:\/\/vagas.portalemprego.com.br\/index.php?rest_route=\/wp\/v2\/users\/1"}],"replies":[{"embeddable":true,"href":"https:\/\/vagas.portalemprego.com.br\/index.php?rest_route=%2Fwp%2Fv2%2Fcomments&post=5154"}],"version-history":[{"count":0,"href":"https:\/\/vagas.portalemprego.com.br\/index.php?rest_route=\/wp\/v2\/posts\/5154\/revisions"}],"wp:attachment":[{"href":"https:\/\/vagas.portalemprego.com.br\/index.php?rest_route=%2Fwp%2Fv2%2Fmedia&parent=5154"}],"wp:term":[{"taxonomy":"category","embeddable":true,"href":"https:\/\/vagas.portalemprego.com.br\/index.php?rest_route=%2Fwp%2Fv2%2Fcategories&post=5154"},{"taxonomy":"post_tag","embeddable":true,"href":"https:\/\/vagas.portalemprego.com.br\/index.php?rest_route=%2Fwp%2Fv2%2Ftags&post=5154"}],"curies":[{"name":"wp","href":"https:\/\/api.w.org\/{rel}","templated":true}]}}