{"id":5155,"date":"2026-04-29T06:23:23","date_gmt":"2026-04-29T09:23:23","guid":{"rendered":"https:\/\/vagas.portalemprego.com.br\/?p=5155"},"modified":"2026-04-29T06:23:23","modified_gmt":"2026-04-29T09:23:23","slug":"orientador-educacional-educacao-ensino-idiomas-rio-de-janeiro","status":"publish","type":"post","link":"https:\/\/vagas.portalemprego.com.br\/?p=5155","title":{"rendered":"Orientador Educacional &#8211; Educa\u00e7\u00e3o, Ensino, Idiomas &#8211; Rio de Janeiro"},"content":{"rendered":"<p>VAGA \u2013 ORIENTADOR(A) PEDAG\u00d3GICO(A)<br \/>\nSegmentos: Ensino Fundamental I | Ensino Fundamental II | Ensino M\u00e9dio<br \/>\n Regime: CLT<br \/>\n \u00c1rea: Pedag\u00f3gica \/ Coordena\u00e7\u00e3o<br \/>\n Locais de Atua\u00e7\u00e3o: Unidade Escolar<br \/>\n1. Miss\u00e3o do Cargo<br \/>\nAtuar como l\u00edder pedag\u00f3gico e mediador entre gest\u00e3o, docentes, estudantes e fam\u00edlias, assegurando a qualidade do processo de ensino-aprendizagem, o desenvolvimento integral dos alunos e a implementa\u00e7\u00e3o do projeto pedag\u00f3gico da institui\u00e7\u00e3o.<br \/>\n2. Principais Responsabilidades<br \/>\nA. Acompanhamento Pedag\u00f3gico<br \/>\nApoiar e orientar professores na execu\u00e7\u00e3o do planejamento anual e das pr\u00e1ticas did\u00e1ticas.<br \/>\nRealizar observa\u00e7\u00f5es de aula, devolutivas e acompanhamento individual dos docentes.<br \/>\nGarantir a aplica\u00e7\u00e3o coerente da metodologia e do projeto pedag\u00f3gico da escola.<br \/>\nPromover o alinhamento entre conte\u00fados, habilidades e compet\u00eancias previstas na BNCC.<br \/>\nB. Acompanhamento Discente<br \/>\nIdentificar necessidades acad\u00eamicas, comportamentais e socioemocionais dos alunos.<br \/>\nRealizar interven\u00e7\u00f5es pedag\u00f3gicas e encaminhamentos quando necess\u00e1rio.<br \/>\nMediar conflitos e promover um ambiente escolar seguro e saud\u00e1vel.<br \/>\nMonitorar indicadores de desempenho e frequ\u00eancia, propondo a\u00e7\u00f5es corretivas.<br \/>\nC. Relacionamento com Fam\u00edlias<br \/>\nRealizar atendimentos individuais com respons\u00e1veis.<br \/>\nAcompanhar casos espec\u00edficos com comunica\u00e7\u00e3o clara e registro adequado.<br \/>\nParticipar de reuni\u00f5es, encontros e a\u00e7\u00f5es que fortale\u00e7am o v\u00ednculo escola\u2013fam\u00edlia.<br \/>\nD. Gest\u00e3o Escolar<br \/>\nParticipar da elabora\u00e7\u00e3o e revis\u00e3o do PPP, calend\u00e1rio letivo e processos internos.<br \/>\nConduzir reuni\u00f5es pedag\u00f3gicas, forma\u00e7\u00f5es continuadas e estudos de caso.<br \/>\nAcompanhar avalia\u00e7\u00f5es institucionais, diagn\u00f3sticas e externas.<br \/>\nArticular a\u00e7\u00f5es entre professor, coordena\u00e7\u00e3o e dire\u00e7\u00e3o.<br \/>\n3. Perfil Desejado<br \/>\nForma\u00e7\u00e3o<br \/>\nLicenciatura em Pedagogia (Fundamental I).<br \/>\nLicenciatura nas \u00e1reas espec\u00edficas + Pedagogia ou P\u00f3s em Gest\u00e3o Escolar (Fund II e M\u00e9dio).<br \/>\nDesej\u00e1vel p\u00f3s-gradua\u00e7\u00e3o em Gest\u00e3o Escolar, Psicopedagogia ou Orienta\u00e7\u00e3o Educacional.<br \/>\nCompet\u00eancias T\u00e9cnicas<br \/>\nDom\u00ednio de pr\u00e1ticas pedag\u00f3gicas ativas.<br \/>\nConhecimento s\u00f3lido da BNCC e legisla\u00e7\u00f5es educacionais.<br \/>\nExperi\u00eancia com gest\u00e3o de sala de aula e pr\u00e1ticas de avalia\u00e7\u00e3o formativa.<br \/>\nHabilidade para condu\u00e7\u00e3o de reuni\u00f5es e forma\u00e7\u00f5es docentes.<br \/>\nCompet\u00eancias Comportamentais<br \/>\nExcelente comunica\u00e7\u00e3o e escuta ativa.<br \/>\nCapacidade de media\u00e7\u00e3o e resolu\u00e7\u00e3o de conflitos.<br \/>\nLideran\u00e7a colaborativa e vis\u00e3o sist\u00eamica.<br \/>\nOrganiza\u00e7\u00e3o, registro e senso de responsabilidade.<br \/>\nIntelig\u00eancia emocional e postura acolhedora.<br \/>\n4. Diferenciais<br \/>\nExperi\u00eancia com projetos de tecnologia educacional.<br \/>\nViv\u00eancia com programas socioemocionais.<br \/>\nExperi\u00eancia pr\u00e9via como orientador(a), coordenador(a) ou supervisor(a) pedag\u00f3gico(a).<br \/>\nProdu\u00e7\u00e3o de materiais pedag\u00f3gicos e acompanhamento de indicadores.<\/p>\n<ul>\n<li>N\u00famero de vagas: 2<\/li>\n<li>Local de trabalho: Rio de Janeiro, RJ<\/li>\n<li>Regime de contrata\u00e7\u00e3o de tipo: Efetivo \u2013 CLT<\/li>\n<li>Jornada: Per\u00edodo Integral<\/li>\n<li>\u00c1rea e especializa\u00e7\u00e3o profissional: Educa\u00e7\u00e3o, Ensino, Idiomas &#8211; Educa\u00e7\u00e3o Especial<\/li>\n<li>N\u00edvel hier\u00e1rquico: Analista<\/li>\n<\/ul>\n<p>VALORIZADO<\/p>\n<p>Tempo de experi\u00eancia: Entre 1 e 3 anos<\/p>\n<p>Escolaridade M\u00ednima: Ensino Superior<\/p>\n<p>Sal\u00e1rio: 2825,0<\/p>\n","protected":false},"excerpt":{"rendered":"<p>VAGA \u2013 ORIENTADOR(A) PEDAG\u00d3GICO(A) Segmentos: Ensino Fundamental I | Ensino Fundamental II | Ensino M\u00e9dio Regime: CLT \u00c1rea: Pedag\u00f3gica \/ Coordena\u00e7\u00e3o Locais de Atua\u00e7\u00e3o: Unidade Escolar 1. Miss\u00e3o do Cargo Atuar como l\u00edder pedag\u00f3gico e mediador entre gest\u00e3o, docentes, estudantes e fam\u00edlias, assegurando a qualidade do processo de ensino-aprendizagem, o desenvolvimento integral dos alunos e [&hellip;]<\/p>\n","protected":false},"author":1,"featured_media":0,"comment_status":"open","ping_status":"open","sticky":false,"template":"","format":"standard","meta":{"footnotes":""},"categories":[21],"tags":[],"class_list":["post-5155","post","type-post","status-publish","format-standard","hentry","category-rio-de-janeiro-rj"],"_links":{"self":[{"href":"https:\/\/vagas.portalemprego.com.br\/index.php?rest_route=\/wp\/v2\/posts\/5155","targetHints":{"allow":["GET"]}}],"collection":[{"href":"https:\/\/vagas.portalemprego.com.br\/index.php?rest_route=\/wp\/v2\/posts"}],"about":[{"href":"https:\/\/vagas.portalemprego.com.br\/index.php?rest_route=\/wp\/v2\/types\/post"}],"author":[{"embeddable":true,"href":"https:\/\/vagas.portalemprego.com.br\/index.php?rest_route=\/wp\/v2\/users\/1"}],"replies":[{"embeddable":true,"href":"https:\/\/vagas.portalemprego.com.br\/index.php?rest_route=%2Fwp%2Fv2%2Fcomments&post=5155"}],"version-history":[{"count":0,"href":"https:\/\/vagas.portalemprego.com.br\/index.php?rest_route=\/wp\/v2\/posts\/5155\/revisions"}],"wp:attachment":[{"href":"https:\/\/vagas.portalemprego.com.br\/index.php?rest_route=%2Fwp%2Fv2%2Fmedia&parent=5155"}],"wp:term":[{"taxonomy":"category","embeddable":true,"href":"https:\/\/vagas.portalemprego.com.br\/index.php?rest_route=%2Fwp%2Fv2%2Fcategories&post=5155"},{"taxonomy":"post_tag","embeddable":true,"href":"https:\/\/vagas.portalemprego.com.br\/index.php?rest_route=%2Fwp%2Fv2%2Ftags&post=5155"}],"curies":[{"name":"wp","href":"https:\/\/api.w.org\/{rel}","templated":true}]}}