{"id":5156,"date":"2026-04-29T06:23:23","date_gmt":"2026-04-29T09:23:23","guid":{"rendered":"https:\/\/vagas.portalemprego.com.br\/?p=5156"},"modified":"2026-04-29T06:23:23","modified_gmt":"2026-04-29T09:23:23","slug":"atendente-de-restaurante-popeyes-alimentacao-gastronomia-rio-de-janeiro","status":"publish","type":"post","link":"https:\/\/vagas.portalemprego.com.br\/?p=5156","title":{"rendered":"Atendente de Restaurante | POPEYES &#8211; Alimenta\u00e7\u00e3o \/ Gastronomia &#8211; Rio de Janeiro"},"content":{"rendered":"<p>Venha fazer parte do nosso time!<br \/>\nSe voc\u00ea est\u00e1 em busca do seu primeiro emprego ou quer uma oportunidade para crescer profissionalmente, essa vaga pode ser perfeita para voc\u00ea!<br \/>\nEstamos procurando pessoas dedicadas, com vontade de aprender e que curtam trabalhar em equipe. Aqui, voc\u00ea ter\u00e1 a chance de se desenvolver, construir uma carreira e fazer parte de um ambiente din\u00e2mico e acolhedor.<\/p>\n<p>O QUE VOC\u00ca VAI FAZER POR AQUI:<br \/>\n\u2022 Atendimento ao cliente: Receber os clientes, entregar pedidos e tirar d\u00favidas;<br \/>\n\u2022 Opera\u00e7\u00e3o de caixa: Registrar os pedidos e realizar os pagamentos;<br \/>\n\u2022 Preparo de alimentos: Montar lanches, fritar batatas, preparar bebidas e sobremesas;<br \/>\n\u2022 Organiza\u00e7\u00e3o e limpeza: Cuidar da limpeza do espa\u00e7o de trabalho;<br \/>\n\u2022 Apoio geral: Ajudar em outras tarefas, como organizar o estoque e atender no drive-thru, quando necess\u00e1rio.<\/p>\n<p>PARA PARTICIPAR, VOC\u00ca PRECISA:<br \/>\n\u2022 Estar cursando ou j\u00e1 ter conclu\u00eddo o Ensino M\u00e9dio.<br \/>\n\u2022 Ter 18 anos ou mais.<br \/>\n\u2022 Vontade de aprender, trabalhar em equipe e crescer com a gente!<\/p>\n<p>QUAL SER\u00c1 SUA JORNADA DI\u00c1RIA?<br \/>\n\u2022 Escala 6&#215;1 | 7h20 trabalhadas por dia + 1 hora de intervalo;<\/p>\n<ul>\n<li>N\u00famero de vagas: 100<\/li>\n<li>Local de trabalho: Rio de Janeiro, RJ<\/li>\n<li>Regime de contrata\u00e7\u00e3o de tipo: Efetivo \u2013 CLT<\/li>\n<li>Jornada: Per\u00edodo Integral<\/li>\n<li>\u00c1rea e especializa\u00e7\u00e3o profissional: Alimenta\u00e7\u00e3o \/ Gastronomia &#8211; Atendente \/ Recep\u00e7\u00e3o \/ Gar\u00e7om<\/li>\n<li>N\u00edvel hier\u00e1rquico: Operacional<\/li>\n<\/ul>\n<p>VALORIZADO<\/p>\n<p>Tempo de experi\u00eancia: Sem experi\u00eancia<\/p>\n<p>Escolaridade M\u00ednima: Ensino Fundamental (1\u00ba grau)<\/p>\n<ul>\n<li>Vale-transporte<\/li>\n<li>Refei\u00e7\u00e3o no local<\/li>\n<li>Plano de carreira para crescer dentro da empresa<\/li>\n<li>B\u00f4nus por resultados (mensal e semestral)<\/li>\n<li>Assist\u00eancia m\u00e9dica<\/li>\n<li>Seguro de vida (desde o 1\u00ba dia)<\/li>\n<li>TotalPass (acesso a  1000 academias em todo o Brasil)<\/li>\n<li>ZAMP Benef\u00edcios: descontos e cashback em diversas marcas<\/li>\n<li>Conv\u00eanio com farm\u00e1cias: descontos exclusivos nas Drogarias Pague Menos<\/li>\n<li>Parcerias com institui\u00e7\u00f5es de ensino: descontos em faculdades, cursos tecn\u00f3logos e muito mais!<\/li>\n<li>Assist\u00eancia odontol\u00f3gica<\/li>\n<\/ul>\n<p>Sal\u00e1rio: 1526,0<\/p>\n","protected":false},"excerpt":{"rendered":"<p>Venha fazer parte do nosso time! Se voc\u00ea est\u00e1 em busca do seu primeiro emprego ou quer uma oportunidade para crescer profissionalmente, essa vaga pode ser perfeita para voc\u00ea! Estamos procurando pessoas dedicadas, com vontade de aprender e que curtam trabalhar em equipe. Aqui, voc\u00ea ter\u00e1 a chance de se desenvolver, construir uma carreira e [&hellip;]<\/p>\n","protected":false},"author":1,"featured_media":0,"comment_status":"open","ping_status":"open","sticky":false,"template":"","format":"standard","meta":{"footnotes":""},"categories":[21],"tags":[],"class_list":["post-5156","post","type-post","status-publish","format-standard","hentry","category-rio-de-janeiro-rj"],"_links":{"self":[{"href":"https:\/\/vagas.portalemprego.com.br\/index.php?rest_route=\/wp\/v2\/posts\/5156","targetHints":{"allow":["GET"]}}],"collection":[{"href":"https:\/\/vagas.portalemprego.com.br\/index.php?rest_route=\/wp\/v2\/posts"}],"about":[{"href":"https:\/\/vagas.portalemprego.com.br\/index.php?rest_route=\/wp\/v2\/types\/post"}],"author":[{"embeddable":true,"href":"https:\/\/vagas.portalemprego.com.br\/index.php?rest_route=\/wp\/v2\/users\/1"}],"replies":[{"embeddable":true,"href":"https:\/\/vagas.portalemprego.com.br\/index.php?rest_route=%2Fwp%2Fv2%2Fcomments&post=5156"}],"version-history":[{"count":0,"href":"https:\/\/vagas.portalemprego.com.br\/index.php?rest_route=\/wp\/v2\/posts\/5156\/revisions"}],"wp:attachment":[{"href":"https:\/\/vagas.portalemprego.com.br\/index.php?rest_route=%2Fwp%2Fv2%2Fmedia&parent=5156"}],"wp:term":[{"taxonomy":"category","embeddable":true,"href":"https:\/\/vagas.portalemprego.com.br\/index.php?rest_route=%2Fwp%2Fv2%2Fcategories&post=5156"},{"taxonomy":"post_tag","embeddable":true,"href":"https:\/\/vagas.portalemprego.com.br\/index.php?rest_route=%2Fwp%2Fv2%2Ftags&post=5156"}],"curies":[{"name":"wp","href":"https:\/\/api.w.org\/{rel}","templated":true}]}}