{"id":5158,"date":"2026-04-29T06:24:24","date_gmt":"2026-04-29T09:24:24","guid":{"rendered":"https:\/\/vagas.portalemprego.com.br\/?p=5158"},"modified":"2026-04-29T06:24:24","modified_gmt":"2026-04-29T09:24:24","slug":"promotor-de-vendas-comercial-vendas-rio-de-janeiro-6","status":"publish","type":"post","link":"https:\/\/vagas.portalemprego.com.br\/?p=5158","title":{"rendered":"Promotor de Vendas &#8211; Comercial, Vendas &#8211; Rio de Janeiro"},"content":{"rendered":"<p>O que vou fazer?<br \/>\nPromover os produtos em feiras, eventos e pontos de venda estrat\u00e9gicos;<br \/>\nProspectar novos clientes;<br \/>\nManter bom relacionamento com os clientes existentes;<br \/>\nRealizar demonstra\u00e7\u00f5es dos produtos;<br \/>\nRealizar a\u00e7\u00f5es de merchandising nos pontos de venda parceiros;<br \/>\nManter atualizado o cadastro de clientes;<br \/>\nMonitorar a concorr\u00eancia e reportar informa\u00e7\u00f5es relevantes para o gestor;<br \/>\nAlcan\u00e7ar metas de vendas estabelecidas;<br \/>\nElaborar relat\u00f3rios de atividades e resultados alcan\u00e7ados.<br \/>\nQuais as habilidades e conhecimentos necess\u00e1rios?<br \/>\nExperi\u00eancia pr\u00e9via como Promotor de Vendas ou em \u00e1reas relacionadas;<br \/>\nHabilidades excepcionais de comunica\u00e7\u00e3o e persuas\u00e3o;<br \/>\nProatividade e habilidade em resolver problemas e contornar obje\u00e7\u00f5es;<br \/>\nConhecimento b\u00e1sico de t\u00e9cnicas de merchandising;<br \/>\nDisponibilidade para viagens e poss\u00edveis trabalhos aos finais de semana;<br \/>\nCNH ativa para uso;<br \/>\nInforma\u00e7\u00f5es adicionais:<br \/>\nRegime de contrata\u00e7\u00e3o em CLT;<br \/>\nPossuir moto pr\u00f3pria;<br \/>\nJornada segunda a sexta das 08:00hs \u00e0s 18:00hs;<br \/>\nVale Alimenta\u00e7\u00e3o Flex (R$350 + R$250 de b\u00f4nus);<br \/>\nVale Refei\u00e7\u00e3o (R$22\/dia);<br \/>\nAjuda de custo (R$500\/m\u00eas);<br \/>\nPericulosidade de 30% sobre o sal\u00e1rio base;<br \/>\nSeguro de vida;<br \/>\n2kg mensais do melhor p\u00e3o de queijo que voc\u00ea j\u00e1 experimentou (Sabor de sua prefer\u00eancia);<br \/>\nTotalPass (Descontos em academias);<br \/>\nDay Off (Folga no Anivers\u00e1rio);<br \/>\nConv\u00eanio Odontol\u00f3gico;<br \/>\nDescontos na Faculdade Anhembi Morumbi e Unicesumar;<br \/>\nOportunidade de crescimento;<br \/>\nAtua\u00e7\u00e3o externa na regi\u00e3o do Rio de Janeiro.<\/p>\n<ul>\n<li>Local de trabalho: Rio de Janeiro, RJ<\/li>\n<li>Regime de contrata\u00e7\u00e3o de tipo: Efetivo \u2013 CLT<\/li>\n<li>Jornada: Per\u00edodo Integral<\/li>\n<li>\u00c1rea e especializa\u00e7\u00e3o profissional: Comercial, Vendas &#8211; Demonstrador \/ Promotor<\/li>\n<li>N\u00edvel hier\u00e1rquico: Assistente<\/li>\n<\/ul>\n<p>Escolaridade M\u00ednima: Ensino M\u00e9dio (2\u00ba Grau)<\/p>\n<p>Habilita\u00e7\u00e3o para dirigir: A<\/p>\n<p>Ve\u00edculo pr\u00f3prio<\/p>\n","protected":false},"excerpt":{"rendered":"<p>O que vou fazer? Promover os produtos em feiras, eventos e pontos de venda estrat\u00e9gicos; Prospectar novos clientes; Manter bom relacionamento com os clientes existentes; Realizar demonstra\u00e7\u00f5es dos produtos; Realizar a\u00e7\u00f5es de merchandising nos pontos de venda parceiros; Manter atualizado o cadastro de clientes; Monitorar a concorr\u00eancia e reportar informa\u00e7\u00f5es relevantes para o gestor; Alcan\u00e7ar [&hellip;]<\/p>\n","protected":false},"author":1,"featured_media":0,"comment_status":"open","ping_status":"open","sticky":false,"template":"","format":"standard","meta":{"footnotes":""},"categories":[21],"tags":[],"class_list":["post-5158","post","type-post","status-publish","format-standard","hentry","category-rio-de-janeiro-rj"],"_links":{"self":[{"href":"https:\/\/vagas.portalemprego.com.br\/index.php?rest_route=\/wp\/v2\/posts\/5158","targetHints":{"allow":["GET"]}}],"collection":[{"href":"https:\/\/vagas.portalemprego.com.br\/index.php?rest_route=\/wp\/v2\/posts"}],"about":[{"href":"https:\/\/vagas.portalemprego.com.br\/index.php?rest_route=\/wp\/v2\/types\/post"}],"author":[{"embeddable":true,"href":"https:\/\/vagas.portalemprego.com.br\/index.php?rest_route=\/wp\/v2\/users\/1"}],"replies":[{"embeddable":true,"href":"https:\/\/vagas.portalemprego.com.br\/index.php?rest_route=%2Fwp%2Fv2%2Fcomments&post=5158"}],"version-history":[{"count":0,"href":"https:\/\/vagas.portalemprego.com.br\/index.php?rest_route=\/wp\/v2\/posts\/5158\/revisions"}],"wp:attachment":[{"href":"https:\/\/vagas.portalemprego.com.br\/index.php?rest_route=%2Fwp%2Fv2%2Fmedia&parent=5158"}],"wp:term":[{"taxonomy":"category","embeddable":true,"href":"https:\/\/vagas.portalemprego.com.br\/index.php?rest_route=%2Fwp%2Fv2%2Fcategories&post=5158"},{"taxonomy":"post_tag","embeddable":true,"href":"https:\/\/vagas.portalemprego.com.br\/index.php?rest_route=%2Fwp%2Fv2%2Ftags&post=5158"}],"curies":[{"name":"wp","href":"https:\/\/api.w.org\/{rel}","templated":true}]}}