{"id":5159,"date":"2026-04-29T06:24:24","date_gmt":"2026-04-29T09:24:24","guid":{"rendered":"https:\/\/vagas.portalemprego.com.br\/?p=5159"},"modified":"2026-04-29T06:24:24","modified_gmt":"2026-04-29T09:24:24","slug":"gerente-de-manutencao-de-frota-construcao-manutencao-macae","status":"publish","type":"post","link":"https:\/\/vagas.portalemprego.com.br\/?p=5159","title":{"rendered":"Gerente de Manuten\u00e7\u00e3o de Frota &#8211; Constru\u00e7\u00e3o, Manuten\u00e7\u00e3o &#8211; Maca\u00e9"},"content":{"rendered":"<p>Estamos em busca de um Gerente de Manuten\u00e7\u00e3o de Frota para se juntar ao nosso time.<br \/>\nEste \u00e9 um papel fundamental que exige lideran\u00e7a, experi\u00eancia t\u00e9cnica e uma vis\u00e3o estrat\u00e9gica para garantir a efici\u00eancia e a sustentabilidade da nossa frota. O candidato certo ser\u00e1 respons\u00e1vel por supervisionar e coordenar todas as atividades de manuten\u00e7\u00e3o, garantindo que os ve\u00edculos estejam sempre em condi\u00e7\u00f5es ideais de opera\u00e7\u00e3o.<br \/>\nVoc\u00ea ser\u00e1 o respons\u00e1vel por desenvolver e implementar pol\u00edticas de manuten\u00e7\u00e3o preventiva e corretiva, al\u00e9m de gerenciar contratos com fornecedores e especialistas em manuten\u00e7\u00e3o. Al\u00e9m disso, dever\u00e1 liderar uma equipe de t\u00e9cnicos, motivando-os e garantindo que todos os procedimentos sejam seguidos com rigor.<br \/>\nExperi\u00eancia em gest\u00e3o de frota \u00e9 essencial, assim como habilidades de an\u00e1lise de dados para tomar decis\u00f5es informadas. O candidato deve demonstrar capacidade de gerenciar or\u00e7amentos, prever necessidades de manuten\u00e7\u00e3o e otimizar o ciclo de vida dos ve\u00edculos.<br \/>\nA capacidade de trabalhar sob press\u00e3o e resolver problemas de forma eficaz \u00e9 um diferencial.<br \/>\nSe voc\u00ea tem um hist\u00f3rico comprovado em gest\u00e3o de manuten\u00e7\u00e3o de frota e est\u00e1 pronto para assumir um papel de lideran\u00e7a em uma equipe din\u00e2mica, esta oportunidade \u00e9 para voc\u00ea.<br \/>\nJunte-se a n\u00f3s e fa\u00e7a a diferen\u00e7a na manuten\u00e7\u00e3o e na efici\u00eancia operacional da nossa frota.<\/p>\n<ul>\n<li>Local de trabalho: Maca\u00e9, RJ<\/li>\n<li>Regime de contrata\u00e7\u00e3o de tipo: Efetivo \u2013 CLT<\/li>\n<li>Jornada: Per\u00edodo Integral<\/li>\n<li>\u00c1rea e especializa\u00e7\u00e3o profissional: Constru\u00e7\u00e3o, Manuten\u00e7\u00e3o &#8211; Manuten\u00e7\u00e3o Mec\u00e2nica<\/li>\n<li>N\u00edvel hier\u00e1rquico: Gerente<\/li>\n<\/ul>\n<p>VALORIZADO<\/p>\n<p>Tempo de experi\u00eancia: Entre 1 e 3 anos<\/p>\n<p>HABILIDADES<\/p>\n<ul>\n<li>Dashboard<\/li>\n<li>Lideran\u00e7a<\/li>\n<li>Indicadores<\/li>\n<li>Gest\u00e3o de equipe<\/li>\n<li>Planejamento<\/li>\n<\/ul>\n<p>Escolaridade M\u00ednima: P\u00f3s-gradua\u00e7\u00e3o &#8211; Especializa\u00e7\u00e3o\/MBA<\/p>\n<ul>\n<li>TRANSPORTE FRETADO<\/li>\n<li>Plano de Sa\u00fade<\/li>\n<li>Plano Odontog\u00f3gico<\/li>\n<li>Sal\u00e1rio Compat\u00edvel com o mercado<\/li>\n<li>almo\u00e7o no local<\/li>\n<\/ul>\n","protected":false},"excerpt":{"rendered":"<p>Estamos em busca de um Gerente de Manuten\u00e7\u00e3o de Frota para se juntar ao nosso time. Este \u00e9 um papel fundamental que exige lideran\u00e7a, experi\u00eancia t\u00e9cnica e uma vis\u00e3o estrat\u00e9gica para garantir a efici\u00eancia e a sustentabilidade da nossa frota. O candidato certo ser\u00e1 respons\u00e1vel por supervisionar e coordenar todas as atividades de manuten\u00e7\u00e3o, garantindo [&hellip;]<\/p>\n","protected":false},"author":1,"featured_media":0,"comment_status":"open","ping_status":"open","sticky":false,"template":"","format":"standard","meta":{"footnotes":""},"categories":[21],"tags":[],"class_list":["post-5159","post","type-post","status-publish","format-standard","hentry","category-rio-de-janeiro-rj"],"_links":{"self":[{"href":"https:\/\/vagas.portalemprego.com.br\/index.php?rest_route=\/wp\/v2\/posts\/5159","targetHints":{"allow":["GET"]}}],"collection":[{"href":"https:\/\/vagas.portalemprego.com.br\/index.php?rest_route=\/wp\/v2\/posts"}],"about":[{"href":"https:\/\/vagas.portalemprego.com.br\/index.php?rest_route=\/wp\/v2\/types\/post"}],"author":[{"embeddable":true,"href":"https:\/\/vagas.portalemprego.com.br\/index.php?rest_route=\/wp\/v2\/users\/1"}],"replies":[{"embeddable":true,"href":"https:\/\/vagas.portalemprego.com.br\/index.php?rest_route=%2Fwp%2Fv2%2Fcomments&post=5159"}],"version-history":[{"count":0,"href":"https:\/\/vagas.portalemprego.com.br\/index.php?rest_route=\/wp\/v2\/posts\/5159\/revisions"}],"wp:attachment":[{"href":"https:\/\/vagas.portalemprego.com.br\/index.php?rest_route=%2Fwp%2Fv2%2Fmedia&parent=5159"}],"wp:term":[{"taxonomy":"category","embeddable":true,"href":"https:\/\/vagas.portalemprego.com.br\/index.php?rest_route=%2Fwp%2Fv2%2Fcategories&post=5159"},{"taxonomy":"post_tag","embeddable":true,"href":"https:\/\/vagas.portalemprego.com.br\/index.php?rest_route=%2Fwp%2Fv2%2Ftags&post=5159"}],"curies":[{"name":"wp","href":"https:\/\/api.w.org\/{rel}","templated":true}]}}