{"id":516,"date":"2026-04-29T06:33:33","date_gmt":"2026-04-29T09:33:33","guid":{"rendered":"https:\/\/vagas.portalemprego.com.br\/?p=516"},"modified":"2026-04-29T06:33:33","modified_gmt":"2026-04-29T09:33:33","slug":"auxiliar-de-farmacia-04-2026-pcd-saude-tres-rios","status":"publish","type":"post","link":"https:\/\/vagas.portalemprego.com.br\/?p=516","title":{"rendered":"Auxiliar de Farm\u00e1cia &#8211; 04\/2026 (PCD) &#8211; Sa\u00fade &#8211; Tr\u00eas Rios"},"content":{"rendered":"<p>H\u00e1 120 anos no Brasil, a Associa\u00e7\u00e3o Congrega\u00e7\u00e3o de Santa Catarina (ACSC) administra 19 entidades com atua\u00e7\u00e3o em sa\u00fade, educa\u00e7\u00e3o e assist\u00eancia social. S\u00e3o mais de 10,5 mil colaboradores em seis estados do pa\u00eds, sempre com a miss\u00e3o de acolher e cuidar do ser humano durante todo o ciclo da vida, oferecendo atendimento humanizado, sustent\u00e1vel e de qualidade.<br \/>\nVaga\u00a0destinada tamb\u00e9m para\u00a0PCD<br \/>\n\u2022 Conferir os espelhos de entrada de produtos ap\u00f3s lan\u00e7amento da nota fiscal em sistema e apontar quaisquer ajustes e corre\u00e7\u00f5es necess\u00e1rias, antes da guarda e uso;<br \/>\n\u2022 Identificar os materiais hospitalares e medicamentos, quando necess\u00e1rios, seguindo crit\u00e9rios padronizados pela institui\u00e7\u00e3o;<br \/>\n\u2022 Fracionar medicamentos, quando necess\u00e1rio, seguindo crit\u00e9rios padronizados pela institui\u00e7\u00e3o e legisla\u00e7\u00e3o vigente quanto a controle de validade;<br \/>\n\u2022 Registrar o controle de temperatura do ambiente e refrigeradores diariamente;<br \/>\n\u2022 Conferir os itens transferidos entre estoques;<br \/>\n\u2022 Realizar a correta guarda dos produtos, mantendo sua correta conserva\u00e7\u00e3o e priorizando a regra PVPS (primeiro que vence, primeiro que sai);<br \/>\n\u2022 Manter a correta identifica\u00e7\u00e3o dos itens em estoque;<br \/>\n\u2022 Manter a limpeza e organiza\u00e7\u00e3o do estoque, conforme orienta\u00e7\u00e3o e escala divulgada pela lideran\u00e7a;<br \/>\n\u2022 Registrar toda opera\u00e7\u00e3o de movimenta\u00e7\u00e3o entrada e sa\u00edda de produtos em estoque no sistema;<br \/>\n\u2022 Auxiliar no controle de validade dos produtos, conforme orienta\u00e7\u00e3o da lideran\u00e7a;<br \/>\n\u2022 Atender \u00e0s solicita\u00e7\u00f5es de produtos a setor e ao paciente;<br \/>\n\u2022 Atender \u00e0s solicita\u00e7\u00f5es de devolu\u00e7\u00f5es de produtos a setor e ao paciente;<br \/>\n\u2022 Montar, dispensar e devolver kits;<br \/>\n\u2022 Atender ao cliente interno na entrega de produtos dispensados registrada em sistema;<br \/>\n\u2022 Apoiar no atendimento ao cliente interno, realizando atendimento telef\u00f4nico e aos clientes na porta do servi\u00e7o de farm\u00e1cia.<br \/>\n\u2022 Apontar ao assistente e\/ou farmac\u00eautico solicita\u00e7\u00f5es fora do padr\u00e3o de consumo, para avalia\u00e7\u00e3o e eventuais medidas.<br \/>\n\u2022 Auxiliar o farmac\u00eautico no controle da dispensa\u00e7\u00e3o de medicamentos n\u00e3o padronizados.<br \/>\n\u2022 Zelar pelos produtos estocados e evitar perdas e desperd\u00edcios.<br \/>\n\u2022 Executar as contagens rotativas.<br \/>\n\u2022 Executar contagens dos invent\u00e1rios semestrais, conforme cronograma divulgado pela lideran\u00e7a.<\/p>\n<p>Requisitos T\u00e9cnicos<br \/>\nForma\u00e7\u00e3o: Ensino M\u00e9dio completo;<br \/>\nCursos: Pacote Office (desej\u00e1vel conhecimento intermedi\u00e1rio);<br \/>\nExperi\u00eancia: de 0 a 2 anos.<\/p>\n<p>Local de Trabalho: Tr\u00eas Rios\/RJ<\/p>\n<p>Venha fazer parte da Rede Santa Catarina e contribuir com processos que garantem qualidade, organiza\u00e7\u00e3o e sustentabilidade em nossos servi\u00e7os!<\/p>\n<p>Candidate-se e cres\u00e7a com a gente!<\/p>\n<ul>\n<li>Local de trabalho: Tr\u00eas Rios, RJ<\/li>\n<li>Regime de contrata\u00e7\u00e3o de tipo: Efetivo \u2013 CLT<\/li>\n<li>Jornada: Per\u00edodo Integral<\/li>\n<li>\u00c1rea e especializa\u00e7\u00e3o profissional: Sa\u00fade &#8211; Farm\u00e1cia<\/li>\n<li>N\u00edvel hier\u00e1rquico: Auxiliar<\/li>\n<\/ul>\n<p>VALORIZADO<\/p>\n<p>Tempo de experi\u00eancia: Menos de 1 ano<\/p>\n<p>HABILIDADES<\/p>\n<ul>\n<li>organizado<\/li>\n<li>Pontual<\/li>\n<li>comunicativo<\/li>\n<li>experi\u00eancia para vaga<\/li>\n<li>educado<\/li>\n<li>simpatico<\/li>\n<li>bom atendimento<\/li>\n<\/ul>\n<p>Escolaridade M\u00ednima: Ensino M\u00e9dio (2\u00ba Grau)<\/p>\n<p>Idiomas:<\/p>\n<ul>\n<li>Portugu\u00eas (Nativo)<\/li>\n<\/ul>\n<ul>\n<li>Vale-alimenta\u00e7\u00e3o<\/li>\n<li>Seguro de Vida<\/li>\n<li>Assist\u00eancia m\u00e9dica<\/li>\n<li>Aux\u00edlio creche<\/li>\n<li>GYMPASS<\/li>\n<li>UNIVERSIDADE CORPORATIVA<\/li>\n<li>Vale-transporte<\/li>\n<li>CONV\u00caNIO COM SESC RJ<\/li>\n<li>Aux\u00edlio farm\u00e1cia<\/li>\n<li>Refei\u00e7\u00e3o no local<\/li>\n<li>Assist\u00eancia odontol\u00f3gica<\/li>\n<\/ul>\n","protected":false},"excerpt":{"rendered":"<p>H\u00e1 120 anos no Brasil, a Associa\u00e7\u00e3o Congrega\u00e7\u00e3o de Santa Catarina (ACSC) administra 19 entidades com atua\u00e7\u00e3o em sa\u00fade, educa\u00e7\u00e3o e assist\u00eancia social. S\u00e3o mais de 10,5 mil colaboradores em seis estados do pa\u00eds, sempre com a miss\u00e3o de acolher e cuidar do ser humano durante todo o ciclo da vida, oferecendo atendimento humanizado, sustent\u00e1vel [&hellip;]<\/p>\n","protected":false},"author":1,"featured_media":0,"comment_status":"open","ping_status":"open","sticky":false,"template":"","format":"standard","meta":{"footnotes":""},"categories":[21],"tags":[],"class_list":["post-516","post","type-post","status-publish","format-standard","hentry","category-rio-de-janeiro-rj"],"_links":{"self":[{"href":"https:\/\/vagas.portalemprego.com.br\/index.php?rest_route=\/wp\/v2\/posts\/516","targetHints":{"allow":["GET"]}}],"collection":[{"href":"https:\/\/vagas.portalemprego.com.br\/index.php?rest_route=\/wp\/v2\/posts"}],"about":[{"href":"https:\/\/vagas.portalemprego.com.br\/index.php?rest_route=\/wp\/v2\/types\/post"}],"author":[{"embeddable":true,"href":"https:\/\/vagas.portalemprego.com.br\/index.php?rest_route=\/wp\/v2\/users\/1"}],"replies":[{"embeddable":true,"href":"https:\/\/vagas.portalemprego.com.br\/index.php?rest_route=%2Fwp%2Fv2%2Fcomments&post=516"}],"version-history":[{"count":0,"href":"https:\/\/vagas.portalemprego.com.br\/index.php?rest_route=\/wp\/v2\/posts\/516\/revisions"}],"wp:attachment":[{"href":"https:\/\/vagas.portalemprego.com.br\/index.php?rest_route=%2Fwp%2Fv2%2Fmedia&parent=516"}],"wp:term":[{"taxonomy":"category","embeddable":true,"href":"https:\/\/vagas.portalemprego.com.br\/index.php?rest_route=%2Fwp%2Fv2%2Fcategories&post=516"},{"taxonomy":"post_tag","embeddable":true,"href":"https:\/\/vagas.portalemprego.com.br\/index.php?rest_route=%2Fwp%2Fv2%2Ftags&post=516"}],"curies":[{"name":"wp","href":"https:\/\/api.w.org\/{rel}","templated":true}]}}