{"id":5163,"date":"2026-04-29T06:24:24","date_gmt":"2026-04-29T09:24:24","guid":{"rendered":"https:\/\/vagas.portalemprego.com.br\/?p=5163"},"modified":"2026-04-29T06:24:24","modified_gmt":"2026-04-29T09:24:24","slug":"terapeuta-ocupacional-saude-macae","status":"publish","type":"post","link":"https:\/\/vagas.portalemprego.com.br\/?p=5163","title":{"rendered":"Terapeuta Ocupacional &#8211; Sa\u00fade &#8211; Maca\u00e9"},"content":{"rendered":"<p>Executar a\u00e7\u00f5es de aten\u00e7\u00e3o integral \u00e0 sa\u00fade, visando a melhora das condi\u00e7\u00f5es de sa\u00fade dos benefici\u00e1rios, contribuindo com a redu\u00e7\u00e3o de sinistralidade e gest\u00e3o de risco assistencial.<\/p>\n<p>Requisitos<br \/>\n&#8211; Superior completo em Terapia Ocupacional<br \/>\n&#8211; Experi\u00eancia em atendimento infantil (Autismo, S\u00edndrome de Down, Defici\u00eancia Intelectual, TDAH, Transtorno de Ansiedade, Depress\u00e3o entre outros).<br \/>\n&#8211; Capacita\u00e7\u00f5es e especializa\u00e7\u00f5es ABA, TEACCH, DENVER, BOBATH, PECS, PADOVAN, ser\u00e3o diferenciais;<\/p>\n<p>Buscamos profissionais de outras regi\u00f5es, para atua\u00e7\u00e3o em Maca\u00e9 e Rio das Ostras;<\/p>\n<p>Contrato para CLTs e PJs.<\/p>\n<p>As oportunidades da Unimed Costa do Sol tamb\u00e9m s\u00e3o estendidas para Pessoas com Defici\u00eancia (PCD\u2019s).<\/p>\n<ul>\n<li>Local de trabalho: Maca\u00e9, RJ<\/li>\n<li>Regime de contrata\u00e7\u00e3o de tipo: Efetivo \u2013 CLT<\/li>\n<li>Jornada: Per\u00edodo Integral<\/li>\n<li>\u00c1rea e especializa\u00e7\u00e3o profissional: Sa\u00fade &#8211; Outras Especialidades M\u00e9dicas<\/li>\n<li>N\u00edvel hier\u00e1rquico: Especialista<\/li>\n<\/ul>\n<p>Escolaridade M\u00ednima: Ensino Superior<\/p>\n<p>Forma\u00e7\u00e3o desejada:<\/p>\n<ul>\n<li>Terapia ocupacional, Ensino Superior<\/li>\n<\/ul>\n<ul>\n<li>Vale alimenta\u00e7\u00e3o ou refei\u00e7\u00e3o<\/li>\n<li>Plano de Sa\u00fade<\/li>\n<li>Vale Transporte<\/li>\n<li>day off anivers\u00e1rio<\/li>\n<li>Aux\u00edlio Educa\u00e7\u00e3o<\/li>\n<li>Programa de Apoio ao Empregado<\/li>\n<li>Wellhub<\/li>\n<\/ul>\n","protected":false},"excerpt":{"rendered":"<p>Executar a\u00e7\u00f5es de aten\u00e7\u00e3o integral \u00e0 sa\u00fade, visando a melhora das condi\u00e7\u00f5es de sa\u00fade dos benefici\u00e1rios, contribuindo com a redu\u00e7\u00e3o de sinistralidade e gest\u00e3o de risco assistencial. Requisitos &#8211; Superior completo em Terapia Ocupacional &#8211; Experi\u00eancia em atendimento infantil (Autismo, S\u00edndrome de Down, Defici\u00eancia Intelectual, TDAH, Transtorno de Ansiedade, Depress\u00e3o entre outros). &#8211; Capacita\u00e7\u00f5es e [&hellip;]<\/p>\n","protected":false},"author":1,"featured_media":0,"comment_status":"open","ping_status":"open","sticky":false,"template":"","format":"standard","meta":{"footnotes":""},"categories":[21],"tags":[],"class_list":["post-5163","post","type-post","status-publish","format-standard","hentry","category-rio-de-janeiro-rj"],"_links":{"self":[{"href":"https:\/\/vagas.portalemprego.com.br\/index.php?rest_route=\/wp\/v2\/posts\/5163","targetHints":{"allow":["GET"]}}],"collection":[{"href":"https:\/\/vagas.portalemprego.com.br\/index.php?rest_route=\/wp\/v2\/posts"}],"about":[{"href":"https:\/\/vagas.portalemprego.com.br\/index.php?rest_route=\/wp\/v2\/types\/post"}],"author":[{"embeddable":true,"href":"https:\/\/vagas.portalemprego.com.br\/index.php?rest_route=\/wp\/v2\/users\/1"}],"replies":[{"embeddable":true,"href":"https:\/\/vagas.portalemprego.com.br\/index.php?rest_route=%2Fwp%2Fv2%2Fcomments&post=5163"}],"version-history":[{"count":0,"href":"https:\/\/vagas.portalemprego.com.br\/index.php?rest_route=\/wp\/v2\/posts\/5163\/revisions"}],"wp:attachment":[{"href":"https:\/\/vagas.portalemprego.com.br\/index.php?rest_route=%2Fwp%2Fv2%2Fmedia&parent=5163"}],"wp:term":[{"taxonomy":"category","embeddable":true,"href":"https:\/\/vagas.portalemprego.com.br\/index.php?rest_route=%2Fwp%2Fv2%2Fcategories&post=5163"},{"taxonomy":"post_tag","embeddable":true,"href":"https:\/\/vagas.portalemprego.com.br\/index.php?rest_route=%2Fwp%2Fv2%2Ftags&post=5163"}],"curies":[{"name":"wp","href":"https:\/\/api.w.org\/{rel}","templated":true}]}}