{"id":5167,"date":"2026-04-29T06:24:24","date_gmt":"2026-04-29T09:24:24","guid":{"rendered":"https:\/\/vagas.portalemprego.com.br\/?p=5167"},"modified":"2026-04-29T06:24:24","modified_gmt":"2026-04-29T09:24:24","slug":"estagio-em-educacao-tijuca-educacao-ensino-idiomas-rio-de-janeiro","status":"publish","type":"post","link":"https:\/\/vagas.portalemprego.com.br\/?p=5167","title":{"rendered":"Est\u00e1gio em Educa\u00e7\u00e3o &#8211; Tijuca &#8211; Educa\u00e7\u00e3o, Ensino, Idiomas &#8211; Rio de Janeiro"},"content":{"rendered":"<p>Col\u00e9gio renomado busca estudantes de PEDAGOGIA\/ PSICOLOGIA a partir do 3\u00ba per\u00edodo, para oportunidades de est\u00e1gio.<br \/>\nAtividades: Dar aulas de refor\u00e7o no contraturno escolar, eventual substitui\u00e7\u00e3o de professor em sala de aula, dentre outras atividades pertinentes \u00e0 monitoria na sua \u00e1rea de gradua\u00e7\u00e3o<br \/>\nLocal: Tijuca &#8211; Rio de Janeiro &#8211; RJ<br \/>\nHor\u00e1rio: 09h \u00e0s 15h (15 minutos de intervalo) OU 10h \u00e0s 16h (15 minutos de intervalo) &#8211; segunda a sexta<br \/>\nOferece bolsa-aux\u00edlio de R$ 810,70 + aux\u00edlio-transporte (R$ 189,20\/m\u00eas)<\/p>\n<ul>\n<li>N\u00famero de vagas: 6<\/li>\n<li>Local de trabalho: Rio de Janeiro, RJ<\/li>\n<li>Regime de contrata\u00e7\u00e3o de tipo: Est\u00e1gio<\/li>\n<li>Jornada: Per\u00edodo Integral<\/li>\n<li>\u00c1rea e especializa\u00e7\u00e3o profissional: Educa\u00e7\u00e3o, Ensino, Idiomas &#8211; Educa\u00e7\u00e3o Infantil<\/li>\n<li>N\u00edvel hier\u00e1rquico: Estagi\u00e1rio<\/li>\n<\/ul>\n<p>Escolaridade M\u00ednima: Ensino Superior<\/p>\n<p>Forma\u00e7\u00e3o desejada:<\/p>\n<ul>\n<li>Pedologia, Ensino Superior<\/li>\n<li>Psicologia, Ensino Superior<\/li>\n<\/ul>\n<ul>\n<li>Seguro de Vida<\/li>\n<li>Vale-transporte<\/li>\n<\/ul>\n","protected":false},"excerpt":{"rendered":"<p>Col\u00e9gio renomado busca estudantes de PEDAGOGIA\/ PSICOLOGIA a partir do 3\u00ba per\u00edodo, para oportunidades de est\u00e1gio. Atividades: Dar aulas de refor\u00e7o no contraturno escolar, eventual substitui\u00e7\u00e3o de professor em sala de aula, dentre outras atividades pertinentes \u00e0 monitoria na sua \u00e1rea de gradua\u00e7\u00e3o Local: Tijuca &#8211; Rio de Janeiro &#8211; RJ Hor\u00e1rio: 09h \u00e0s 15h [&hellip;]<\/p>\n","protected":false},"author":1,"featured_media":0,"comment_status":"open","ping_status":"open","sticky":false,"template":"","format":"standard","meta":{"footnotes":""},"categories":[21],"tags":[],"class_list":["post-5167","post","type-post","status-publish","format-standard","hentry","category-rio-de-janeiro-rj"],"_links":{"self":[{"href":"https:\/\/vagas.portalemprego.com.br\/index.php?rest_route=\/wp\/v2\/posts\/5167","targetHints":{"allow":["GET"]}}],"collection":[{"href":"https:\/\/vagas.portalemprego.com.br\/index.php?rest_route=\/wp\/v2\/posts"}],"about":[{"href":"https:\/\/vagas.portalemprego.com.br\/index.php?rest_route=\/wp\/v2\/types\/post"}],"author":[{"embeddable":true,"href":"https:\/\/vagas.portalemprego.com.br\/index.php?rest_route=\/wp\/v2\/users\/1"}],"replies":[{"embeddable":true,"href":"https:\/\/vagas.portalemprego.com.br\/index.php?rest_route=%2Fwp%2Fv2%2Fcomments&post=5167"}],"version-history":[{"count":0,"href":"https:\/\/vagas.portalemprego.com.br\/index.php?rest_route=\/wp\/v2\/posts\/5167\/revisions"}],"wp:attachment":[{"href":"https:\/\/vagas.portalemprego.com.br\/index.php?rest_route=%2Fwp%2Fv2%2Fmedia&parent=5167"}],"wp:term":[{"taxonomy":"category","embeddable":true,"href":"https:\/\/vagas.portalemprego.com.br\/index.php?rest_route=%2Fwp%2Fv2%2Fcategories&post=5167"},{"taxonomy":"post_tag","embeddable":true,"href":"https:\/\/vagas.portalemprego.com.br\/index.php?rest_route=%2Fwp%2Fv2%2Ftags&post=5167"}],"curies":[{"name":"wp","href":"https:\/\/api.w.org\/{rel}","templated":true}]}}