{"id":5168,"date":"2026-04-29T06:24:24","date_gmt":"2026-04-29T09:24:24","guid":{"rendered":"https:\/\/vagas.portalemprego.com.br\/?p=5168"},"modified":"2026-04-29T06:24:24","modified_gmt":"2026-04-29T09:24:24","slug":"cozinheiro-alimentacao-gastronomia-rio-de-janeiro-16","status":"publish","type":"post","link":"https:\/\/vagas.portalemprego.com.br\/?p=5168","title":{"rendered":"Cozinheiro &#8211; Alimenta\u00e7\u00e3o \/ Gastronomia &#8211; Rio de Janeiro"},"content":{"rendered":"<p>VAGA PARA COZINHEIRO \u2013 IPANEMA (RJ)<br \/>\nIn\u00edcio imediato | 1 vaga<\/p>\n<p>Requisitos:<br \/>\n* Experi\u00eancia m\u00ednima de 1 ano na fun\u00e7\u00e3o<br \/>\n* Conhecimentos espec\u00edficos: cortes, manipula\u00e7\u00e3o de insumos, boas pr\u00e1ticas e higiene de alimentos.<br \/>\n* Organiza\u00e7\u00e3o, agilidade e bom trabalho em equipe<\/p>\n<p>Escala 6&#215;1: 17h \u00e0s 01:20h<br \/>\nRemunera\u00e7\u00e3o: m\u00e9dia de R$ 3.000,00 (sal\u00e1rio + comiss\u00e3o)<br \/>\nContrato: CLT<br \/>\nBenef\u00edcios: Vale-transporte e alimenta\u00e7\u00e3o no local<\/p>\n<ul>\n<li>Local de trabalho: Rio de Janeiro, RJ<\/li>\n<li>Regime de contrata\u00e7\u00e3o de tipo: Efetivo \u2013 CLT<\/li>\n<li>Jornada: Per\u00edodo Integral<\/li>\n<li>\u00c1rea e especializa\u00e7\u00e3o profissional: Alimenta\u00e7\u00e3o \/ Gastronomia &#8211; Cozinha<\/li>\n<li>N\u00edvel hier\u00e1rquico: Especialista<\/li>\n<\/ul>\n<p>VALORIZADO<\/p>\n<p>Tempo de experi\u00eancia: Menos de 1 ano<\/p>\n<p>Escolaridade M\u00ednima: Ensino M\u00e9dio (2\u00ba Grau)<\/p>\n<ul>\n<li>VALE TRANSPORTE   ALIMENTA\u00c7\u00c3O NO LOCAL<\/li>\n<\/ul>\n<p>Sal\u00e1rio: 3000,0<\/p>\n","protected":false},"excerpt":{"rendered":"<p>VAGA PARA COZINHEIRO \u2013 IPANEMA (RJ) In\u00edcio imediato | 1 vaga Requisitos: * Experi\u00eancia m\u00ednima de 1 ano na fun\u00e7\u00e3o * Conhecimentos espec\u00edficos: cortes, manipula\u00e7\u00e3o de insumos, boas pr\u00e1ticas e higiene de alimentos. * Organiza\u00e7\u00e3o, agilidade e bom trabalho em equipe Escala 6&#215;1: 17h \u00e0s 01:20h Remunera\u00e7\u00e3o: m\u00e9dia de R$ 3.000,00 (sal\u00e1rio + comiss\u00e3o) Contrato: [&hellip;]<\/p>\n","protected":false},"author":1,"featured_media":0,"comment_status":"open","ping_status":"open","sticky":false,"template":"","format":"standard","meta":{"footnotes":""},"categories":[21],"tags":[],"class_list":["post-5168","post","type-post","status-publish","format-standard","hentry","category-rio-de-janeiro-rj"],"_links":{"self":[{"href":"https:\/\/vagas.portalemprego.com.br\/index.php?rest_route=\/wp\/v2\/posts\/5168","targetHints":{"allow":["GET"]}}],"collection":[{"href":"https:\/\/vagas.portalemprego.com.br\/index.php?rest_route=\/wp\/v2\/posts"}],"about":[{"href":"https:\/\/vagas.portalemprego.com.br\/index.php?rest_route=\/wp\/v2\/types\/post"}],"author":[{"embeddable":true,"href":"https:\/\/vagas.portalemprego.com.br\/index.php?rest_route=\/wp\/v2\/users\/1"}],"replies":[{"embeddable":true,"href":"https:\/\/vagas.portalemprego.com.br\/index.php?rest_route=%2Fwp%2Fv2%2Fcomments&post=5168"}],"version-history":[{"count":0,"href":"https:\/\/vagas.portalemprego.com.br\/index.php?rest_route=\/wp\/v2\/posts\/5168\/revisions"}],"wp:attachment":[{"href":"https:\/\/vagas.portalemprego.com.br\/index.php?rest_route=%2Fwp%2Fv2%2Fmedia&parent=5168"}],"wp:term":[{"taxonomy":"category","embeddable":true,"href":"https:\/\/vagas.portalemprego.com.br\/index.php?rest_route=%2Fwp%2Fv2%2Fcategories&post=5168"},{"taxonomy":"post_tag","embeddable":true,"href":"https:\/\/vagas.portalemprego.com.br\/index.php?rest_route=%2Fwp%2Fv2%2Ftags&post=5168"}],"curies":[{"name":"wp","href":"https:\/\/api.w.org\/{rel}","templated":true}]}}