{"id":517,"date":"2026-04-29T06:33:33","date_gmt":"2026-04-29T09:33:33","guid":{"rendered":"https:\/\/vagas.portalemprego.com.br\/?p=517"},"modified":"2026-04-29T06:33:33","modified_gmt":"2026-04-29T09:33:33","slug":"encarregado-de-obras-holding-rj-construcao-manutencao-rio-de-janeiro","status":"publish","type":"post","link":"https:\/\/vagas.portalemprego.com.br\/?p=517","title":{"rendered":"Encarregado de Obras &#8211; Holding &#8211; RJ &#8211; Constru\u00e7\u00e3o, Manuten\u00e7\u00e3o &#8211; Rio de Janeiro"},"content":{"rendered":"<p>Responsabilidades da vaga<br \/>\nRespons\u00e1vel por supervisionar e coordenar a execu\u00e7\u00e3o de reformas nas unidades da rede Bodytech (Zona Sul\/RJ), garantindo o cumprimento do cronograma, a qualidade t\u00e9cnica dos acabamentos e a organiza\u00e7\u00e3o do canteiro de obras em ambiente corporativo;<br \/>\nGest\u00e3o de Equipe: Distribuir tarefas e coordenar equipes pr\u00f3prias e prestadores de servi\u00e7o (el\u00e9trica, hidr\u00e1ulica, climatiza\u00e7\u00e3o, marcenaria);<br \/>\nControle de Cronograma: Garantir que as fases da reforma sejam entregues nos prazos estipulados (essencial para obras com data de reinaugura\u00e7\u00e3o);<br \/>\nLeitura T\u00e9cnica: Interpretar plantas, projetos executivos e especifica\u00e7\u00f5es de acabamento fino;<br \/>\nSuprimentos: Levantar necessidades de materiais, controlar o estoque no local e conferir entregas de fornecedores;<br \/>\nSeguran\u00e7a e Organiza\u00e7\u00e3o: Zelar pela limpeza da obra (especialmente em \u00e1reas comuns da academia) e garantir o uso correto de EPIs;<br \/>\nRelat\u00f3rios: Reportar diariamente o progresso da obra ao engenheiro respons\u00e1vel ou gestor do projeto.<br \/>\nRequisitos necess\u00e1rios<br \/>\nExperi\u00eancia\u00a0comprovada\u00a0em\u00a0reformas\u00a0comerciais\u00a0de\u00a0varejo\u00a0ou\u00a0alto\u00a0padr\u00e3o;<br \/>\nConhecimento\u00a0em\u00a0acabamentos\u00a0(drywall,\u00a0revestimentos\u00a0cer\u00e2micos,\u00a0pintura\u00a0e\u00a0instala\u00e7\u00f5es\u00a0aparentes).<br \/>\nBenef\u00edcios<br \/>\nVT;<br \/>\nVR ou VA;<br \/>\nLivre acesso \u00e0s unidades Bodytech de origem;<br \/>\nAcesso ao aplicativo BTFIT;<br \/>\nAcesso a plataforma exclusiva para colaboradores, BT College, onde disponibilizamos treinamentos e palestras em diversas \u00e1reas;<br \/>\nPrograma de Apoio Psicol\u00f3gico;<br \/>\nConv\u00eanio SESC<br \/>\nHor\u00e1rio<br \/>\nA definir<br \/>\nEscala 6&#215;1<br \/>\nLocal<br \/>\nUnidades Bodytech da Zona Sul<\/p>\n<ul>\n<li>Local de trabalho: Rio de Janeiro, RJ<\/li>\n<li>Regime de contrata\u00e7\u00e3o de tipo: Efetivo \u2013 CLT<\/li>\n<li>Jornada: Per\u00edodo Integral<\/li>\n<li>\u00c1rea e especializa\u00e7\u00e3o profissional: Constru\u00e7\u00e3o, Manuten\u00e7\u00e3o &#8211; Constru\u00e7\u00e3o Civil<\/li>\n<li>N\u00edvel hier\u00e1rquico: Especialista<\/li>\n<\/ul>\n<p>Escolaridade M\u00ednima: Ensino M\u00e9dio (2\u00ba Grau)<\/p>\n","protected":false},"excerpt":{"rendered":"<p>Responsabilidades da vaga Respons\u00e1vel por supervisionar e coordenar a execu\u00e7\u00e3o de reformas nas unidades da rede Bodytech (Zona Sul\/RJ), garantindo o cumprimento do cronograma, a qualidade t\u00e9cnica dos acabamentos e a organiza\u00e7\u00e3o do canteiro de obras em ambiente corporativo; Gest\u00e3o de Equipe: Distribuir tarefas e coordenar equipes pr\u00f3prias e prestadores de servi\u00e7o (el\u00e9trica, hidr\u00e1ulica, climatiza\u00e7\u00e3o, [&hellip;]<\/p>\n","protected":false},"author":1,"featured_media":0,"comment_status":"open","ping_status":"open","sticky":false,"template":"","format":"standard","meta":{"footnotes":""},"categories":[21],"tags":[],"class_list":["post-517","post","type-post","status-publish","format-standard","hentry","category-rio-de-janeiro-rj"],"_links":{"self":[{"href":"https:\/\/vagas.portalemprego.com.br\/index.php?rest_route=\/wp\/v2\/posts\/517","targetHints":{"allow":["GET"]}}],"collection":[{"href":"https:\/\/vagas.portalemprego.com.br\/index.php?rest_route=\/wp\/v2\/posts"}],"about":[{"href":"https:\/\/vagas.portalemprego.com.br\/index.php?rest_route=\/wp\/v2\/types\/post"}],"author":[{"embeddable":true,"href":"https:\/\/vagas.portalemprego.com.br\/index.php?rest_route=\/wp\/v2\/users\/1"}],"replies":[{"embeddable":true,"href":"https:\/\/vagas.portalemprego.com.br\/index.php?rest_route=%2Fwp%2Fv2%2Fcomments&post=517"}],"version-history":[{"count":0,"href":"https:\/\/vagas.portalemprego.com.br\/index.php?rest_route=\/wp\/v2\/posts\/517\/revisions"}],"wp:attachment":[{"href":"https:\/\/vagas.portalemprego.com.br\/index.php?rest_route=%2Fwp%2Fv2%2Fmedia&parent=517"}],"wp:term":[{"taxonomy":"category","embeddable":true,"href":"https:\/\/vagas.portalemprego.com.br\/index.php?rest_route=%2Fwp%2Fv2%2Fcategories&post=517"},{"taxonomy":"post_tag","embeddable":true,"href":"https:\/\/vagas.portalemprego.com.br\/index.php?rest_route=%2Fwp%2Fv2%2Ftags&post=517"}],"curies":[{"name":"wp","href":"https:\/\/api.w.org\/{rel}","templated":true}]}}