{"id":5170,"date":"2026-04-29T06:24:24","date_gmt":"2026-04-29T09:24:24","guid":{"rendered":"https:\/\/vagas.portalemprego.com.br\/?p=5170"},"modified":"2026-04-29T06:24:24","modified_gmt":"2026-04-29T09:24:24","slug":"motociclista-niteroi-rj-comercial-vendas-niteroi","status":"publish","type":"post","link":"https:\/\/vagas.portalemprego.com.br\/?p=5170","title":{"rendered":"Motociclista &#8211; Niter\u00f3i &#8211; RJ &#8211; Comercial, Vendas &#8211; Niter\u00f3i"},"content":{"rendered":"<p>VEM SER NATURAL DA TERRA!<br \/>\nSomos o vizinho especialista em produtos frescos e naturais, com qualidade impec\u00e1vel e uma experi\u00eancia que faz o cliente se sentir em casa.<br \/>\nNossa alma \u00e9 de feirante: gostamos de conversar, sorrir e oferecer aquele conforto emocional das feiras livres da inf\u00e2ncia, com um atendimento pr\u00f3ximo, humano e cheio de alegria.<br \/>\nTodos os dias acordamos com um \u00fanico objetivo: promover uma vida mais natural \u2013 em todos os sentidos.<br \/>\nSe voc\u00ea tamb\u00e9m acredita nesse prop\u00f3sito, vem com a gente!<\/p>\n<p>MOTOCICLISTA<br \/>\nEscala: 6&#215;1<br \/>\nTipo de contrato: CLT<\/p>\n<p>ATIVIDADES DO CARGO:<br \/>\n\u2022 Organizar as compras na moto de acordo com a programa\u00e7\u00e3o, manuseando as mercadorias com cuidado para n\u00e3o sofrer avaria, e garantir a correta entrega dos produtos.<br \/>\n\u2022 Fazer as entregas, conforme orienta\u00e7\u00e3o do Fiscal de Caixa, observando as regras de tr\u00e2nsito e normas de seguran\u00e7a, zelando pela pr\u00f3pria seguran\u00e7a e de terceiros.<br \/>\n\u2022 Acompanhar a quilometragem percorrida e relatar qualquer anormalidade para controle de manuten\u00e7\u00e3o preventiva e de custo da moto.<br \/>\n\u2022 Auxiliar na descarga e organiza\u00e7\u00e3o das mercadorias, respeitando as regras de empilhamento e organiza\u00e7\u00e3o.<br \/>\n\u2022 Ajudar o cliente com informa\u00e7\u00f5es, sempre que solicitado, garantindo o bom atendimento.<br \/>\n\u2022 Atender solicita\u00e7\u00f5es dos clientes, desde que n\u00e3o ofere\u00e7a preju\u00edzo ao neg\u00f3cio ou infrinja procedimentos internos, oferecendo um n\u00edvel de servi\u00e7o diferenciado.<br \/>\n\u2022 Zelar pela seguran\u00e7a e bom uso dos equipamentos, manter o ambiente de trabalho e instrumentos limpos e organizados, cuidar da higiene pessoal e uniforme, de acordo com a legisla\u00e7\u00e3o e normas vigentes.<br \/>\n\u2022 Executar outras atividades correlatas, conforme necessidade do neg\u00f3cio e a crit\u00e9rio do Gestor.<\/p>\n<p>REQUISITOS:<br \/>\n\u2022 Ensino fundamental completo<br \/>\n\u2022 CNH v\u00e1lida na categoria A<br \/>\n\u2022 Curso de Motofrete <\/p>\n<p>INCLUS\u00c3O E DIVERSIDADE<br \/>\nTodas as nossas vagas s\u00e3o abertas para pessoas com defici\u00eancia.<br \/>\nValorizamos a diversidade e estamos de bra\u00e7os abertos para todos os talentos, independentemente de ra\u00e7a, cor, religi\u00e3o, identidade de g\u00eanero ou orienta\u00e7\u00e3o sexual.<\/p>\n<ul>\n<li>N\u00famero de vagas: 2<\/li>\n<li>Local de trabalho: Niter\u00f3i, RJ<\/li>\n<li>Regime de contrata\u00e7\u00e3o de tipo: Efetivo \u2013 CLT<\/li>\n<li>Jornada: Per\u00edodo Integral<\/li>\n<li>\u00c1rea e especializa\u00e7\u00e3o profissional: Comercial, Vendas &#8211; Atendimento<\/li>\n<li>N\u00edvel hier\u00e1rquico: Operacional<\/li>\n<\/ul>\n<p>Escolaridade M\u00ednima: Ensino Fundamental (1\u00ba grau)<\/p>\n<p>Habilita\u00e7\u00e3o para dirigir: A<\/p>\n<ul>\n<li>Conv\u00eanio farm\u00e1cia<\/li>\n<li>Cesta b\u00e1sica<\/li>\n<li>Plano de sa\u00fade<\/li>\n<li>Alimenta\u00e7\u00e3o no local<\/li>\n<li>Seguro de Vida<\/li>\n<li>Plano dental<\/li>\n<\/ul>\n","protected":false},"excerpt":{"rendered":"<p>VEM SER NATURAL DA TERRA! Somos o vizinho especialista em produtos frescos e naturais, com qualidade impec\u00e1vel e uma experi\u00eancia que faz o cliente se sentir em casa. Nossa alma \u00e9 de feirante: gostamos de conversar, sorrir e oferecer aquele conforto emocional das feiras livres da inf\u00e2ncia, com um atendimento pr\u00f3ximo, humano e cheio de [&hellip;]<\/p>\n","protected":false},"author":1,"featured_media":0,"comment_status":"open","ping_status":"open","sticky":false,"template":"","format":"standard","meta":{"footnotes":""},"categories":[21],"tags":[],"class_list":["post-5170","post","type-post","status-publish","format-standard","hentry","category-rio-de-janeiro-rj"],"_links":{"self":[{"href":"https:\/\/vagas.portalemprego.com.br\/index.php?rest_route=\/wp\/v2\/posts\/5170","targetHints":{"allow":["GET"]}}],"collection":[{"href":"https:\/\/vagas.portalemprego.com.br\/index.php?rest_route=\/wp\/v2\/posts"}],"about":[{"href":"https:\/\/vagas.portalemprego.com.br\/index.php?rest_route=\/wp\/v2\/types\/post"}],"author":[{"embeddable":true,"href":"https:\/\/vagas.portalemprego.com.br\/index.php?rest_route=\/wp\/v2\/users\/1"}],"replies":[{"embeddable":true,"href":"https:\/\/vagas.portalemprego.com.br\/index.php?rest_route=%2Fwp%2Fv2%2Fcomments&post=5170"}],"version-history":[{"count":0,"href":"https:\/\/vagas.portalemprego.com.br\/index.php?rest_route=\/wp\/v2\/posts\/5170\/revisions"}],"wp:attachment":[{"href":"https:\/\/vagas.portalemprego.com.br\/index.php?rest_route=%2Fwp%2Fv2%2Fmedia&parent=5170"}],"wp:term":[{"taxonomy":"category","embeddable":true,"href":"https:\/\/vagas.portalemprego.com.br\/index.php?rest_route=%2Fwp%2Fv2%2Fcategories&post=5170"},{"taxonomy":"post_tag","embeddable":true,"href":"https:\/\/vagas.portalemprego.com.br\/index.php?rest_route=%2Fwp%2Fv2%2Ftags&post=5170"}],"curies":[{"name":"wp","href":"https:\/\/api.w.org\/{rel}","templated":true}]}}